{"id":165710,"date":"2024-08-06T12:19:39","date_gmt":"2024-08-06T15:19:39","guid":{"rendered":"https:\/\/www.cronicasdeitarantim.com.br\/v1\/?p=165710"},"modified":"2024-08-06T12:19:39","modified_gmt":"2024-08-06T15:19:39","slug":"ao-menos-109-pessoas-morrem-apos-confrontos-em-bangladesh-nessa-segunda-feira","status":"publish","type":"post","link":"https:\/\/www.cronicasdeitarantim.com.br\/v1\/2024\/08\/06\/ao-menos-109-pessoas-morrem-apos-confrontos-em-bangladesh-nessa-segunda-feira\/","title":{"rendered":"Ao menos 109 pessoas morrem ap\u00f3s confrontos em Bangladesh nessa segunda-feira"},"content":{"rendered":"<div class=\"styles__Body-sc-1ffquwr-7 ePhtZb\">\n<p>Cerca de 109 pessoas morreram ap\u00f3s conflitos violentos nesta segunda-feira (5) em Bangladesh, dia que tamb\u00e9m foi marcado pela\u00a0ren\u00fancia da primeira-ministra do pa\u00eds, Sheikh Hasina, que foi ao exterior. Desde a data que as manifesta\u00e7\u00f5es come\u00e7aram, 1\u00ba de julho, foi o dia com mais mortes. As informa\u00e7\u00f5es s\u00e3o do jornal O Globo.<\/p>\n<p>Com a sa\u00edda da primeira-ministra do pa\u00eds, militares assumiram o controle do governo nesta ter\u00e7a-feira (6). Sheikh Hasina, de 76 anos, governava desde 2009, mas foi acusada em janeiro de ter fraudado as elei\u00e7\u00f5es.<\/p>\n<p>Os protesto contra Hasina tiveram in\u00edcio ap\u00f3s a reintrodu\u00e7\u00e3o de um sistema de cotas que reservava mais de 50% dos empregos p\u00fablicos para determinados grupos. Desde 1\u00ba de julho, j\u00e1 morreram 409 pessoas em Bangladesh.<\/p>\n<\/div>\n","protected":false},"excerpt":{"rendered":"<p>Cerca de 109 pessoas morreram ap\u00f3s conflitos violentos nesta segunda-feira (5) em Bangladesh, dia que tamb\u00e9m foi marcado pela\u00a0ren\u00fancia da primeira-ministra do pa\u00eds, Sheikh Hasina, que foi ao exterior. Desde a data que as manifesta\u00e7\u00f5es come\u00e7aram, 1\u00ba de julho, foi o dia com mais mortes. As informa\u00e7\u00f5es s\u00e3o do jornal O Globo. Com a sa\u00edda da primeira-ministra do pa\u00eds, militares assumiram o controle do governo nesta ter\u00e7a-feira (6). Sheikh Hasina, de 76 anos, governava desde 2009, mas foi acusada em janeiro de ter fraudado as elei\u00e7\u00f5es. Os protesto contra Hasina tiveram in\u00edcio ap\u00f3s a reintrodu\u00e7\u00e3o de um sistema de cotas [&hellip;]<\/p>\n","protected":false},"author":4,"featured_media":165711,"comment_status":"open","ping_status":"open","sticky":false,"template":"","format":"standard","meta":[],"categories":[1261],"tags":[2975,1780,456,389,444],"_links":{"self":[{"href":"https:\/\/www.cronicasdeitarantim.com.br\/v1\/wp-json\/wp\/v2\/posts\/165710"}],"collection":[{"href":"https:\/\/www.cronicasdeitarantim.com.br\/v1\/wp-json\/wp\/v2\/posts"}],"about":[{"href":"https:\/\/www.cronicasdeitarantim.com.br\/v1\/wp-json\/wp\/v2\/types\/post"}],"author":[{"embeddable":true,"href":"https:\/\/www.cronicasdeitarantim.com.br\/v1\/wp-json\/wp\/v2\/users\/4"}],"replies":[{"embeddable":true,"href":"https:\/\/www.cronicasdeitarantim.com.br\/v1\/wp-json\/wp\/v2\/comments?post=165710"}],"version-history":[{"count":1,"href":"https:\/\/www.cronicasdeitarantim.com.br\/v1\/wp-json\/wp\/v2\/posts\/165710\/revisions"}],"predecessor-version":[{"id":165712,"href":"https:\/\/www.cronicasdeitarantim.com.br\/v1\/wp-json\/wp\/v2\/posts\/165710\/revisions\/165712"}],"wp:featuredmedia":[{"embeddable":true,"href":"https:\/\/www.cronicasdeitarantim.com.br\/v1\/wp-json\/wp\/v2\/media\/165711"}],"wp:attachment":[{"href":"https:\/\/www.cronicasdeitarantim.com.br\/v1\/wp-json\/wp\/v2\/media?parent=165710"}],"wp:term":[{"taxonomy":"category","embeddable":true,"href":"https:\/\/www.cronicasdeitarantim.com.br\/v1\/wp-json\/wp\/v2\/categories?post=165710"},{"taxonomy":"post_tag","embeddable":true,"href":"https:\/\/www.cronicasdeitarantim.com.br\/v1\/wp-json\/wp\/v2\/tags?post=165710"}],"curies":[{"name":"wp","href":"https:\/\/api.w.org\/{rel}","templated":true}]}}