{"id":165676,"date":"2024-08-05T11:44:37","date_gmt":"2024-08-05T14:44:37","guid":{"rendered":"https:\/\/www.cronicasdeitarantim.com.br\/v1\/?p=165676"},"modified":"2024-08-05T11:44:54","modified_gmt":"2024-08-05T14:44:54","slug":"bahia-mae-e-filha-foram-assassinadas-dentro-de-casa-em-cidade-baiana","status":"publish","type":"post","link":"https:\/\/www.cronicasdeitarantim.com.br\/v1\/2024\/08\/05\/bahia-mae-e-filha-foram-assassinadas-dentro-de-casa-em-cidade-baiana\/","title":{"rendered":"Bahia: M\u00e3e e filha foram assassinadas dentro de casa em cidade baiana"},"content":{"rendered":"<div id=\"chunk-3468e\">\n<div class=\"mc-column content-text active-extra-styles \" data-block-type=\"unstyled\" data-block-weight=\"29\" data-block-id=\"2\">\n<p class=\" content-text__container \" data-track-category=\"Link no Texto\" data-track-links=\"\" data-mrf-recirculation=\"Article links\">Uma mulher de 39 anos e a filha dela, de 21, foram mortas a tiros na noite de domingo (4), no bairro de Fazenda Coutos, no sub\u00farbio de\u00a0Salvador.<\/p>\n<div id=\"chunk-apc2s\">\n<div class=\"mc-column content-text active-extra-styles \" data-block-type=\"unstyled\" data-block-weight=\"31\" data-block-id=\"4\">\n<p class=\" content-text__container \" data-track-category=\"Link no Texto\" data-track-links=\"\" data-mrf-recirculation=\"Article links\">Segundo a Pol\u00edcia Civil, as investiga\u00e7\u00f5es iniciais apontam que um homem invadiu a casa onde\u00a0Ana Paula dos Santos Bittencourt\u00a0e\u00a0Laisa Cailane Bittencourt Reis\u00a0moravam, atirou nas v\u00edtimas e fugiu.<\/p>\n<div id=\"chunk-eqge1\">\n<div class=\"mc-column content-text active-extra-styles \" data-block-type=\"unstyled\" data-block-weight=\"40\" data-block-id=\"6\">\n<p class=\" content-text__container \" data-track-category=\"Link no Texto\" data-track-links=\"\" data-mrf-recirculation=\"Article links\">A jovem Laisa Cailane chegou a ser socorrida e levada para o Hospital do Sub\u00farbio, mas n\u00e3o resistiu aos ferimentos. J\u00e1 a m\u00e3e dela, Ana Paula, foi encaminhada para a Unidade de Pronto Atendimento (UPA) de Paripe, mas tamb\u00e9m morreu.<\/p>\n<\/div>\n<\/div>\n<div id=\"chunk-49d5c\">\n<div class=\"content-ads content-ads--reveal\" data-block-type=\"ads\" data-block-id=\"7\">\n<div id=\"banner_materia2\" class=\"tag-manager-publicidade-container mc-has-reveal mc-has-ad-lazyload tag-manager-publicidade-banner_materia2 tag-manager-publicidade-container--carregado tag-manager-publicidade-container--visivel\" data-id=\"banner_materia2\" data-google-query-id=\"CLe74J-K3ocDFS1b3QIdd7s1Lg\">\n<div id=\"chunk-5bef0\">\n<div class=\"mc-column content-text active-extra-styles \" data-block-type=\"unstyled\" data-block-weight=\"28\" data-block-id=\"8\">\n<p class=\" content-text__container \" data-track-category=\"Link no Texto\" data-track-links=\"\" data-mrf-recirculation=\"Article links\">Moradores afirmam que as v\u00edtimas foram mortas ap\u00f3s um boato no bairro, de que elas passavam informa\u00e7\u00f5es sobre o tr\u00e1fico de drogas na regi\u00e3o para a Pol\u00edcia Militar.<\/p>\n<\/div>\n<\/div>\n<div id=\"chunk-ddh9h\">\n<div class=\"mc-column content-text active-extra-styles \" data-block-type=\"unstyled\" data-block-weight=\"2\" data-block-id=\"9\">\n<div id=\"chunk-9t8u8\">\n<div class=\"mc-column content-text active-extra-styles \" data-block-type=\"unstyled\" data-block-weight=\"34\" data-block-id=\"11\">\n<p class=\" content-text__container \" data-track-category=\"Link no Texto\" data-track-links=\"\" data-mrf-recirculation=\"Article links\">Em nota, a Pol\u00edcia Civil informou ao portal g1, que a autoria e motiva\u00e7\u00e3o do crime s\u00e3o investigadas na 3\u00aa Delegacia de Homic\u00eddios (DH\/BTS), que fica no Departamento de Homic\u00eddios e de Prote\u00e7\u00e3o \u00e0 Pessoa (DHPP).<\/p>\n<\/div>\n<\/div>\n<div id=\"chunk-6086c\">\n<div class=\"row medium-uncollapsed content-media content-photo\" data-block-type=\"backstage-photo\" data-block-id=\"12\">\n<div class=\" mc-column content-media__container\">\n<div class=\"content-media-container glb-skeleton-box\"><\/div>\n<\/div>\n<\/div>\n<\/div>\n<\/div>\n<\/div>\n<\/div>\n<\/div>\n<\/div>\n<\/div>\n<\/div>\n<div id=\"chunk-2u808\">\n<div class=\"mc-column content-text active-extra-styles \" data-block-type=\"unstyled\" data-block-weight=\"10\" data-block-id=\"5\"><\/div>\n<\/div>\n<\/div>\n<\/div>\n<div class=\"wall protected-content\">\n<div id=\"chunk-apc2s\">\n<div class=\"mc-column content-text active-extra-styles \" data-block-type=\"unstyled\" data-block-weight=\"31\" data-block-id=\"4\"><\/div>\n<\/div>\n<\/div>\n","protected":false},"excerpt":{"rendered":"<p>Uma mulher de 39 anos e a filha dela, de 21, foram mortas a tiros na noite de domingo (4), no bairro de Fazenda Coutos, no sub\u00farbio de\u00a0Salvador. Segundo a Pol\u00edcia Civil, as investiga\u00e7\u00f5es iniciais apontam que um homem invadiu a casa onde\u00a0Ana Paula dos Santos Bittencourt\u00a0e\u00a0Laisa Cailane Bittencourt Reis\u00a0moravam, atirou nas v\u00edtimas e fugiu. A jovem Laisa Cailane chegou a ser socorrida e levada para o Hospital do Sub\u00farbio, mas n\u00e3o resistiu aos ferimentos. J\u00e1 a m\u00e3e dela, Ana Paula, foi encaminhada para a Unidade de Pronto Atendimento (UPA) de Paripe, mas tamb\u00e9m morreu. Moradores afirmam que as v\u00edtimas [&hellip;]<\/p>\n","protected":false},"author":4,"featured_media":165677,"comment_status":"open","ping_status":"open","sticky":false,"template":"","format":"standard","meta":[],"categories":[306],"tags":[76,1780,434,634,444],"_links":{"self":[{"href":"https:\/\/www.cronicasdeitarantim.com.br\/v1\/wp-json\/wp\/v2\/posts\/165676"}],"collection":[{"href":"https:\/\/www.cronicasdeitarantim.com.br\/v1\/wp-json\/wp\/v2\/posts"}],"about":[{"href":"https:\/\/www.cronicasdeitarantim.com.br\/v1\/wp-json\/wp\/v2\/types\/post"}],"author":[{"embeddable":true,"href":"https:\/\/www.cronicasdeitarantim.com.br\/v1\/wp-json\/wp\/v2\/users\/4"}],"replies":[{"embeddable":true,"href":"https:\/\/www.cronicasdeitarantim.com.br\/v1\/wp-json\/wp\/v2\/comments?post=165676"}],"version-history":[{"count":1,"href":"https:\/\/www.cronicasdeitarantim.com.br\/v1\/wp-json\/wp\/v2\/posts\/165676\/revisions"}],"predecessor-version":[{"id":165678,"href":"https:\/\/www.cronicasdeitarantim.com.br\/v1\/wp-json\/wp\/v2\/posts\/165676\/revisions\/165678"}],"wp:featuredmedia":[{"embeddable":true,"href":"https:\/\/www.cronicasdeitarantim.com.br\/v1\/wp-json\/wp\/v2\/media\/165677"}],"wp:attachment":[{"href":"https:\/\/www.cronicasdeitarantim.com.br\/v1\/wp-json\/wp\/v2\/media?parent=165676"}],"wp:term":[{"taxonomy":"category","embeddable":true,"href":"https:\/\/www.cronicasdeitarantim.com.br\/v1\/wp-json\/wp\/v2\/categories?post=165676"},{"taxonomy":"post_tag","embeddable":true,"href":"https:\/\/www.cronicasdeitarantim.com.br\/v1\/wp-json\/wp\/v2\/tags?post=165676"}],"curies":[{"name":"wp","href":"https:\/\/api.w.org\/{rel}","templated":true}]}}