{"id":165662,"date":"2024-08-04T18:39:33","date_gmt":"2024-08-04T21:39:33","guid":{"rendered":"https:\/\/www.cronicasdeitarantim.com.br\/v1\/?p=165662"},"modified":"2024-08-04T19:30:29","modified_gmt":"2024-08-04T22:30:29","slug":"itarantim-em-convencao-partidaria-ana-paula-e-felipe-freire-mostram-forca-e-lotam-espaco-do-evento","status":"publish","type":"post","link":"https:\/\/www.cronicasdeitarantim.com.br\/v1\/2024\/08\/04\/itarantim-em-convencao-partidaria-ana-paula-e-felipe-freire-mostram-forca-e-lotam-espaco-do-evento\/","title":{"rendered":"Itarantim: Em conven\u00e7\u00e3o partid\u00e1ria, Ana Paula e Felipe Freire mostram for\u00e7a e lotam espa\u00e7o do evento"},"content":{"rendered":"<p>Os partidos Progressistas, PSB e MDB realizaram na noite deste s\u00e1bado (03) conven\u00e7\u00e3o recomendando os nomes de Ana Paula Dantas (PP) e Felipe Freire (MDB) para disputa das elei\u00e7\u00f5es municipais deste ano de 2024 em Itarantim. A conven\u00e7\u00e3o foi realizada no espa\u00e7o da casa do ex-prefeito Gide\u00e3o Soares Mattos (falecido) e contou com lideran\u00e7as do munic\u00edpio, da regi\u00e3o e do estado.<\/p>\n<p>A popula\u00e7\u00e3o atendeu o pedido e lotou o espa\u00e7o onde foram conferir os nomes de Ana Paula Dantas e Felipe Freire que ir\u00e3o disputar as elei\u00e7\u00f5es para prefeito. Ana Paula ganhou destaque na comunidade de forma veloz ao anunciar que seria pr\u00e9-candidata a prefeita no munic\u00edpio ganhando a cada dia admira\u00e7\u00e3o do eleitorado pela forma carism\u00e1tica e pelo seu hist\u00f3rico de j\u00e1 ter atuado na administra\u00e7\u00e3o do ex-prefeito Gide\u00e3o trabalhando na pasta social.<\/p>\n<p>Ana Paula falou de seu projeto pol\u00edtico, resgate do respeito junto \u00e0 popula\u00e7\u00e3o na cidade e projetar um munic\u00edpio que d\u00ea oportunidade \u00e0s pessoas mais carentes. Um dos exemplos que ela citou foi resgatar o projeto de casas populares no munic\u00edpio, que segundo ela s\u00f3 aconteceu na \u00e9poca do governo Gide\u00e3o Mattos e quando ela ocupava a pasta social, quando foi uma grande incentivadora de buscar o projeto junto aos governos federal e do estado.<\/p>\n<p>O evento ainda homologou os nomes dos pr\u00e9-candidatos ao cargo de vereador que ir\u00e3o disputar cadeiras no legislativo na base de Ana Paula e Felipe Freire.<\/p>\n<div>A reda\u00e7\u00e3o do site Cr\u00f4nicas de Itarantim, ao final da conven\u00e7\u00e3o conversou com Ana Paulo e Felipe que falaram da emo\u00e7\u00e3o de encontrar um espa\u00e7o lotado e disseram que o momento foi hist\u00f3rico. Ana Paula \u00e9 ex-esposa do ex-prefeito Gide\u00e3o Mattos e quando ele era prefeito ela era secret\u00e1ria de assist\u00eancia social no munic\u00edpio onde realizou um excelente trabalho junto ao povo, em especial aos mais carentes da cidade.<\/div>\n<div>Confira entrevista clicando no link no nosso Instagram e veja galeria fotos: <a href=\"https:\/\/www.instagram.com\/p\/C-QwvHeOpgW\/\">https:\/\/www.instagram.com\/p\/C-QwvHeOpgW\/<\/a><\/div>\n<div><a href=\"https:\/\/youtu.be\/e47_YoKX5E8?si=LZ7jWoviOoXgB82m\">https:\/\/youtu.be\/e47_YoKX5E8?si=LZ7jWoviOoXgB82m<\/a><\/div>\n<div><\/div>\n<div>\n\n\t\t<style type=\"text\/css\">\n\t\t\t#gallery-1 {\n\t\t\t\tmargin: auto;\n\t\t\t}\n\t\t\t#gallery-1 .gallery-item {\n\t\t\t\tfloat: left;\n\t\t\t\tmargin-top: 10px;\n\t\t\t\ttext-align: center;\n\t\t\t\twidth: 33%;\n\t\t\t}\n\t\t\t#gallery-1 img {\n\t\t\t\tborder: 2px solid #cfcfcf;\n\t\t\t}\n\t\t\t#gallery-1 .gallery-caption {\n\t\t\t\tmargin-left: 0;\n\t\t\t}\n\t\t\t\/* see gallery_shortcode() in wp-includes\/media.php *\/\n\t\t<\/style>\n\t\t<div id='gallery-1' class='gallery galleryid-165662 gallery-columns-3 gallery-size-thumbnail'><dl class='gallery-item'>\n\t\t\t<dt class='gallery-icon landscape'>\n\t\t\t\t<a href='https:\/\/www.cronicasdeitarantim.com.br\/v1\/img-20240804-wa1978_compress27\/'><img width=\"150\" height=\"150\" src=\"https:\/\/www.cronicasdeitarantim.com.br\/v1\/wp-content\/uploads\/2024\/08\/IMG-20240804-WA1978_compress27-150x150.jpg\" class=\"attachment-thumbnail size-thumbnail\" alt=\"\" decoding=\"async\" loading=\"lazy\" srcset=\"https:\/\/www.cronicasdeitarantim.com.br\/v1\/wp-content\/uploads\/2024\/08\/IMG-20240804-WA1978_compress27-150x150.jpg 150w, https:\/\/www.cronicasdeitarantim.com.br\/v1\/wp-content\/uploads\/2024\/08\/IMG-20240804-WA1978_compress27-130x130.jpg 130w\" sizes=\"(max-width: 150px) 100vw, 150px\" \/><\/a>\n\t\t\t<\/dt><\/dl><dl class='gallery-item'>\n\t\t\t<dt class='gallery-icon landscape'>\n\t\t\t\t<a href='https:\/\/www.cronicasdeitarantim.com.br\/v1\/img-20240804-wa1976_compress64\/'><img width=\"150\" height=\"150\" src=\"https:\/\/www.cronicasdeitarantim.com.br\/v1\/wp-content\/uploads\/2024\/08\/IMG-20240804-WA1976_compress64-150x150.jpg\" class=\"attachment-thumbnail size-thumbnail\" alt=\"\" decoding=\"async\" loading=\"lazy\" srcset=\"https:\/\/www.cronicasdeitarantim.com.br\/v1\/wp-content\/uploads\/2024\/08\/IMG-20240804-WA1976_compress64-150x150.jpg 150w, https:\/\/www.cronicasdeitarantim.com.br\/v1\/wp-content\/uploads\/2024\/08\/IMG-20240804-WA1976_compress64-130x130.jpg 130w\" sizes=\"(max-width: 150px) 100vw, 150px\" \/><\/a>\n\t\t\t<\/dt><\/dl><dl class='gallery-item'>\n\t\t\t<dt class='gallery-icon landscape'>\n\t\t\t\t<a href='https:\/\/www.cronicasdeitarantim.com.br\/v1\/img-20240804-wa1960_compress35\/'><img width=\"150\" height=\"150\" src=\"https:\/\/www.cronicasdeitarantim.com.br\/v1\/wp-content\/uploads\/2024\/08\/IMG-20240804-WA1960_compress35-150x150.jpg\" class=\"attachment-thumbnail size-thumbnail\" alt=\"\" decoding=\"async\" loading=\"lazy\" srcset=\"https:\/\/www.cronicasdeitarantim.com.br\/v1\/wp-content\/uploads\/2024\/08\/IMG-20240804-WA1960_compress35-150x150.jpg 150w, https:\/\/www.cronicasdeitarantim.com.br\/v1\/wp-content\/uploads\/2024\/08\/IMG-20240804-WA1960_compress35-130x130.jpg 130w\" sizes=\"(max-width: 150px) 100vw, 150px\" \/><\/a>\n\t\t\t<\/dt><\/dl><br style=\"clear: both\" \/><dl class='gallery-item'>\n\t\t\t<dt class='gallery-icon landscape'>\n\t\t\t\t<a href='https:\/\/www.cronicasdeitarantim.com.br\/v1\/img-20240804-wa1955_compress81\/'><img width=\"150\" height=\"150\" src=\"https:\/\/www.cronicasdeitarantim.com.br\/v1\/wp-content\/uploads\/2024\/08\/IMG-20240804-WA1955_compress81-150x150.jpg\" class=\"attachment-thumbnail size-thumbnail\" alt=\"\" decoding=\"async\" loading=\"lazy\" srcset=\"https:\/\/www.cronicasdeitarantim.com.br\/v1\/wp-content\/uploads\/2024\/08\/IMG-20240804-WA1955_compress81-150x150.jpg 150w, https:\/\/www.cronicasdeitarantim.com.br\/v1\/wp-content\/uploads\/2024\/08\/IMG-20240804-WA1955_compress81-130x130.jpg 130w\" sizes=\"(max-width: 150px) 100vw, 150px\" \/><\/a>\n\t\t\t<\/dt><\/dl><dl class='gallery-item'>\n\t\t\t<dt class='gallery-icon landscape'>\n\t\t\t\t<a href='https:\/\/www.cronicasdeitarantim.com.br\/v1\/img-20240804-wa1920_compress65\/'><img width=\"150\" height=\"150\" src=\"https:\/\/www.cronicasdeitarantim.com.br\/v1\/wp-content\/uploads\/2024\/08\/IMG-20240804-WA1920_compress65-150x150.jpg\" class=\"attachment-thumbnail size-thumbnail\" alt=\"\" decoding=\"async\" loading=\"lazy\" srcset=\"https:\/\/www.cronicasdeitarantim.com.br\/v1\/wp-content\/uploads\/2024\/08\/IMG-20240804-WA1920_compress65-150x150.jpg 150w, https:\/\/www.cronicasdeitarantim.com.br\/v1\/wp-content\/uploads\/2024\/08\/IMG-20240804-WA1920_compress65-130x130.jpg 130w\" sizes=\"(max-width: 150px) 100vw, 150px\" \/><\/a>\n\t\t\t<\/dt><\/dl><dl class='gallery-item'>\n\t\t\t<dt class='gallery-icon landscape'>\n\t\t\t\t<a href='https:\/\/www.cronicasdeitarantim.com.br\/v1\/img-20240804-wa1953_compress37\/'><img width=\"150\" height=\"150\" src=\"https:\/\/www.cronicasdeitarantim.com.br\/v1\/wp-content\/uploads\/2024\/08\/IMG-20240804-WA1953_compress37-150x150.jpg\" class=\"attachment-thumbnail size-thumbnail\" alt=\"\" decoding=\"async\" loading=\"lazy\" srcset=\"https:\/\/www.cronicasdeitarantim.com.br\/v1\/wp-content\/uploads\/2024\/08\/IMG-20240804-WA1953_compress37-150x150.jpg 150w, https:\/\/www.cronicasdeitarantim.com.br\/v1\/wp-content\/uploads\/2024\/08\/IMG-20240804-WA1953_compress37-130x130.jpg 130w\" sizes=\"(max-width: 150px) 100vw, 150px\" \/><\/a>\n\t\t\t<\/dt><\/dl><br style=\"clear: both\" \/>\n\t\t<\/div>\n\n<\/div>\n<div><\/div>\n<div><\/div>\n<div><\/div>\n","protected":false},"excerpt":{"rendered":"<p>Os partidos Progressistas, PSB e MDB realizaram na noite deste s\u00e1bado (03) conven\u00e7\u00e3o recomendando os nomes de Ana Paula Dantas (PP) e Felipe Freire (MDB) para disputa das elei\u00e7\u00f5es municipais deste ano de 2024 em Itarantim. A conven\u00e7\u00e3o foi realizada no espa\u00e7o da casa do ex-prefeito Gide\u00e3o Soares Mattos (falecido) e contou com lideran\u00e7as do munic\u00edpio, da regi\u00e3o e do estado. A popula\u00e7\u00e3o atendeu o pedido e lotou o espa\u00e7o onde foram conferir os nomes de Ana Paula Dantas e Felipe Freire que ir\u00e3o disputar as elei\u00e7\u00f5es para prefeito. Ana Paula ganhou destaque na comunidade de forma veloz ao anunciar [&hellip;]<\/p>\n","protected":false},"author":4,"featured_media":165537,"comment_status":"open","ping_status":"open","sticky":false,"template":"","format":"standard","meta":[],"categories":[304],"tags":[2971,479,1780,2972,385,1155],"_links":{"self":[{"href":"https:\/\/www.cronicasdeitarantim.com.br\/v1\/wp-json\/wp\/v2\/posts\/165662"}],"collection":[{"href":"https:\/\/www.cronicasdeitarantim.com.br\/v1\/wp-json\/wp\/v2\/posts"}],"about":[{"href":"https:\/\/www.cronicasdeitarantim.com.br\/v1\/wp-json\/wp\/v2\/types\/post"}],"author":[{"embeddable":true,"href":"https:\/\/www.cronicasdeitarantim.com.br\/v1\/wp-json\/wp\/v2\/users\/4"}],"replies":[{"embeddable":true,"href":"https:\/\/www.cronicasdeitarantim.com.br\/v1\/wp-json\/wp\/v2\/comments?post=165662"}],"version-history":[{"count":6,"href":"https:\/\/www.cronicasdeitarantim.com.br\/v1\/wp-json\/wp\/v2\/posts\/165662\/revisions"}],"predecessor-version":[{"id":165668,"href":"https:\/\/www.cronicasdeitarantim.com.br\/v1\/wp-json\/wp\/v2\/posts\/165662\/revisions\/165668"}],"wp:featuredmedia":[{"embeddable":true,"href":"https:\/\/www.cronicasdeitarantim.com.br\/v1\/wp-json\/wp\/v2\/media\/165537"}],"wp:attachment":[{"href":"https:\/\/www.cronicasdeitarantim.com.br\/v1\/wp-json\/wp\/v2\/media?parent=165662"}],"wp:term":[{"taxonomy":"category","embeddable":true,"href":"https:\/\/www.cronicasdeitarantim.com.br\/v1\/wp-json\/wp\/v2\/categories?post=165662"},{"taxonomy":"post_tag","embeddable":true,"href":"https:\/\/www.cronicasdeitarantim.com.br\/v1\/wp-json\/wp\/v2\/tags?post=165662"}],"curies":[{"name":"wp","href":"https:\/\/api.w.org\/{rel}","templated":true}]}}