{"id":165298,"date":"2024-07-29T09:47:27","date_gmt":"2024-07-29T12:47:27","guid":{"rendered":"https:\/\/www.cronicasdeitarantim.com.br\/v1\/?p=165298"},"modified":"2024-07-29T09:58:21","modified_gmt":"2024-07-29T12:58:21","slug":"potiragua-convencao-recomenda-mauricio-portugal-e-cristina-brige-para-disputa-das-eleicoes-2024","status":"publish","type":"post","link":"https:\/\/www.cronicasdeitarantim.com.br\/v1\/2024\/07\/29\/potiragua-convencao-recomenda-mauricio-portugal-e-cristina-brige-para-disputa-das-eleicoes-2024\/","title":{"rendered":"Potiragu\u00e1: Conven\u00e7\u00e3o recomenda Maur\u00edcio Portugal e Cristina Brige para disputa das elei\u00e7\u00f5es 2024"},"content":{"rendered":"<h4>&#8216;Uma chapa da vit\u00f3ria&#8217;! Essa foi a opini\u00e3o un\u00e2nime de todos que estiveram presentes na conven\u00e7\u00e3o partid\u00e1ria dos partidos PSD, UNI\u00c3O BRASIL e SOLIDARIEDADE, realizada neste \u00faltimo domingo (28) na cidade de Potiragu\u00e1, que oficializou a chapa da oposi\u00e7\u00e3o para disputar as elei\u00e7\u00f5es deste ano de 2024. Os escolhidos foram Maur\u00edcio Portugal e a ex-vereadora Cristina Brige, que inicialmente estava cotada como pr\u00e9-candidata \u00e0 prefeita, mas decidiu apoiar Maur\u00edcio ap\u00f3s um acordo interno que concedeu a Portugal a posi\u00e7\u00e3o de cabe\u00e7a de chapa.<\/h4>\n<h4>O nome do vice ou da vice era desconhecido\/a at\u00e9 ent\u00e3o pela popula\u00e7\u00e3o e s\u00f3 foi revelado no evento que confirmou os nomes para a disputa eleitoral deste ano, sendo Cristina a escolhida. Ela \u00e9 uma pol\u00edtica experiente, tendo ocupado o legislativo por quatro mandatos e sendo considerada uma das melhores legisladoras que j\u00e1 passaram pela casa de leis do munic\u00edpio. Al\u00e9m de sua atua\u00e7\u00e3o no legislativo, Cristina \u00e9 uma lideran\u00e7a forte na regi\u00e3o e pesquisas realizadas no in\u00edcio do ano j\u00e1 a apontavam como uma candidata competitiva.<\/h4>\n<p><a href=\"https:\/\/www.cronicasdeitarantim.com.br\/v1\/wp-content\/uploads\/2024\/07\/453156290_1969449766805595_5800333616414623982_n.jpg\"><img decoding=\"async\" loading=\"lazy\" class=\"wp-image-165303 alignleft\" src=\"https:\/\/www.cronicasdeitarantim.com.br\/v1\/wp-content\/uploads\/2024\/07\/453156290_1969449766805595_5800333616414623982_n.jpg\" alt=\"\" width=\"482\" height=\"288\" \/><\/a><\/p>\n<h4>O evento que oficializou os nomes de Portugal e Brige ainda referendou nomes dos pr\u00e9-candidatos ao legislativo e contou com uma grande presen\u00e7a da popula\u00e7\u00e3o cidade, do distrito de Itaimb\u00e9\/Cor\u00e9ia, l\u00edderes pol\u00edticos do munic\u00edpio e da regi\u00e3o, al\u00e9m da presen\u00e7a dos deputados estaduais Robinho (Uni\u00e3o) e Soane Galv\u00e3o (PSB) que discursaram decretando o apoio aos nomes escolhidos.<\/h4>\n<h4>Com essa escolha, o cen\u00e1rio eleitoral no munic\u00edpio ir\u00e1 ser bastante movimentado na disputa pela cadeira do executivo. Maur\u00edcio e Cristina apresentam o ingrediente, que muitos consideram ideal para ganhar a elei\u00e7\u00e3o deste ano e assumir os destinos da cidade. A chapa j\u00e1 havia sido um pedido de muitos desde o come\u00e7o do ano que somente agora veio se concretizar.<\/h4>\n<p>&nbsp;<\/p>\n<p>&nbsp;<\/p>\n<p>&nbsp;<\/p>\n<p>&nbsp;<\/p>\n<p>&nbsp;<\/p>\n","protected":false},"excerpt":{"rendered":"<p>&#8216;Uma chapa da vit\u00f3ria&#8217;! Essa foi a opini\u00e3o un\u00e2nime de todos que estiveram presentes na conven\u00e7\u00e3o partid\u00e1ria dos partidos PSD, UNI\u00c3O BRASIL e SOLIDARIEDADE, realizada neste \u00faltimo domingo (28) na cidade de Potiragu\u00e1, que oficializou a chapa da oposi\u00e7\u00e3o para disputar as elei\u00e7\u00f5es deste ano de 2024. Os escolhidos foram Maur\u00edcio Portugal e a ex-vereadora Cristina Brige, que inicialmente estava cotada como pr\u00e9-candidata \u00e0 prefeita, mas decidiu apoiar Maur\u00edcio ap\u00f3s um acordo interno que concedeu a Portugal a posi\u00e7\u00e3o de cabe\u00e7a de chapa. O nome do vice ou da vice era desconhecido\/a at\u00e9 ent\u00e3o pela popula\u00e7\u00e3o e s\u00f3 foi revelado [&hellip;]<\/p>\n","protected":false},"author":4,"featured_media":165299,"comment_status":"open","ping_status":"open","sticky":false,"template":"","format":"standard","meta":[],"categories":[304],"tags":[479,1769,1780,1772,1474,437],"_links":{"self":[{"href":"https:\/\/www.cronicasdeitarantim.com.br\/v1\/wp-json\/wp\/v2\/posts\/165298"}],"collection":[{"href":"https:\/\/www.cronicasdeitarantim.com.br\/v1\/wp-json\/wp\/v2\/posts"}],"about":[{"href":"https:\/\/www.cronicasdeitarantim.com.br\/v1\/wp-json\/wp\/v2\/types\/post"}],"author":[{"embeddable":true,"href":"https:\/\/www.cronicasdeitarantim.com.br\/v1\/wp-json\/wp\/v2\/users\/4"}],"replies":[{"embeddable":true,"href":"https:\/\/www.cronicasdeitarantim.com.br\/v1\/wp-json\/wp\/v2\/comments?post=165298"}],"version-history":[{"count":5,"href":"https:\/\/www.cronicasdeitarantim.com.br\/v1\/wp-json\/wp\/v2\/posts\/165298\/revisions"}],"predecessor-version":[{"id":165305,"href":"https:\/\/www.cronicasdeitarantim.com.br\/v1\/wp-json\/wp\/v2\/posts\/165298\/revisions\/165305"}],"wp:featuredmedia":[{"embeddable":true,"href":"https:\/\/www.cronicasdeitarantim.com.br\/v1\/wp-json\/wp\/v2\/media\/165299"}],"wp:attachment":[{"href":"https:\/\/www.cronicasdeitarantim.com.br\/v1\/wp-json\/wp\/v2\/media?parent=165298"}],"wp:term":[{"taxonomy":"category","embeddable":true,"href":"https:\/\/www.cronicasdeitarantim.com.br\/v1\/wp-json\/wp\/v2\/categories?post=165298"},{"taxonomy":"post_tag","embeddable":true,"href":"https:\/\/www.cronicasdeitarantim.com.br\/v1\/wp-json\/wp\/v2\/tags?post=165298"}],"curies":[{"name":"wp","href":"https:\/\/api.w.org\/{rel}","templated":true}]}}