{"id":165286,"date":"2024-07-26T10:52:31","date_gmt":"2024-07-26T13:52:31","guid":{"rendered":"https:\/\/www.cronicasdeitarantim.com.br\/v1\/?p=165286"},"modified":"2024-07-26T11:04:37","modified_gmt":"2024-07-26T14:04:37","slug":"politica-pp-em-evidencia-podendo-voltar-para-base-governista-de-jeronimo-rodrigues-pt","status":"publish","type":"post","link":"https:\/\/www.cronicasdeitarantim.com.br\/v1\/2024\/07\/26\/politica-pp-em-evidencia-podendo-voltar-para-base-governista-de-jeronimo-rodrigues-pt\/","title":{"rendered":"Pol\u00edtica: PP em evid\u00eancia podendo voltar para base governista de Jer\u00f4nimo Rodrigues (PT)"},"content":{"rendered":"<p>O encontro entre o presidente estadual do PP, M\u00e1rio Negromonte Jr., e o governador Jer\u00f4nimo Rodrigues (PT), quem o progressista chamou de \u201camigo\u201d, na manh\u00e3 desta quinta-feira (25), atraiu os holofotes em torno de um poss\u00edvel retorno total da sigla para a base governista.<\/p>\n<p>A reuni\u00e3o, contudo, n\u00e3o sacramentou a possibilidade, mas tamb\u00e9m n\u00e3o houve descarte sobre o assunto. Na Governadoria, o dirigente partid\u00e1rio e o chefe do Executivo estadual conversaram sobre as elei\u00e7\u00f5es municipais de Santo Ant\u00f4nio de Jesus, onde a sigla tamb\u00e9m resolveu caminhar com o candidato apoiado pelo petista: o m\u00e9dico Euvaldo Rosa (PSB).<\/p>\n<p>Em troca do apoio, o PP ganhou a segunda cadeira na chapa majorit\u00e1ria pleiteando o nome do ex-prefeito Humberto Leite (PP), advers\u00e1rio hist\u00f3rico de Rosa, o que vem causando inc\u00f4modos nos pol\u00edticos locais. A alian\u00e7a amargou uma baixa no quadro de apoio pol\u00edtico de Rosa culminando na sa\u00edda do presidente da C\u00e2mara de Vereadores, Francisco de Assis Lima Damasceno, conhecido como Chico de Dega (MDB), do arco de alian\u00e7a do socialista.<\/p>\n<p>As elei\u00e7\u00f5es municipais deste ano, por sua vez, s\u00e3o tratadas como um teste para o eventual desembarque total da legenda comandada por M\u00e1rio Negromonte Jr. na base de Jer\u00f4nimo Rodrigues. Fontes ligadas ao partido garantem que ap\u00f3s o resultado eleitoral, a tend\u00eancia caminhar\u00e1 para a confirma\u00e7\u00e3o do retorno do partido.<\/p>\n<p>\u201cA maioria [dos partid\u00e1rios] \u00e9 favor\u00e1vel ao retorno do PP ao governo. O partido n\u00e3o ficar\u00e1 em cima do muro ap\u00f3s as elei\u00e7\u00f5es e deve tomar uma posi\u00e7\u00e3o at\u00e9 o fim do ano\u201d, disse ao bahia.ba.<\/p>\n<p>No pleito deste ano, o PP vem sendo pe\u00e7a-chave para o fechamento da unidade em torno do nome eleitoral, como sempre pregou o governador Jer\u00f4nimo Rodrigues (PT), desde o ano passado. A sigla caminha com aliados do PT em algumas das grandes cidades, al\u00e9m de Santo Ant\u00f4nio de Jesus, a exemplo de Alagoinhas, Eun\u00e1polis e Porto Seguro.<\/p>\n<p>Em Salvador, no entanto, a sigla n\u00e3o aderiu a campanha do vice-governador Geraldo J\u00fanior (MDB), afian\u00e7ado pelo PT como pr\u00e9-candidato \u00e0 prefeitura da capital baiana. O partido, comandado na cidade pelo ex-deputado federal e atual secret\u00e1rio de governo municipal, Cac\u00e1 Le\u00e3o, caminha com o pr\u00e9-candidato \u00e0 reelei\u00e7\u00e3o, Bruno Reis (Uni\u00e3o Brasil). Este, por sinal, oficializar\u00e1 o seu nome para as corridas eleitorais nesta quinta-feira (25), no Centro de Conven\u00e7\u00f5es.<\/p>\n<p>Itarantim<\/p>\n<div dir=\"auto\">Em Itarantim, o PP, que tem um hist\u00f3rico no munic\u00edpio, ter\u00e1 candidatura a prefeito, que foi anunciado pelo pr\u00f3prio presidente da sigla, a pr\u00e9-candidata Ana Paula, que realizar\u00e1 conven\u00e7\u00e3o partid\u00e1ria dia 03 de agosto. (Com informa\u00e7\u00f5es do Bahia.ba).<\/div>\n","protected":false},"excerpt":{"rendered":"<p>O encontro entre o presidente estadual do PP, M\u00e1rio Negromonte Jr., e o governador Jer\u00f4nimo Rodrigues (PT), quem o progressista chamou de \u201camigo\u201d, na manh\u00e3 desta quinta-feira (25), atraiu os holofotes em torno de um poss\u00edvel retorno total da sigla para a base governista. A reuni\u00e3o, contudo, n\u00e3o sacramentou a possibilidade, mas tamb\u00e9m n\u00e3o houve descarte sobre o assunto. Na Governadoria, o dirigente partid\u00e1rio e o chefe do Executivo estadual conversaram sobre as elei\u00e7\u00f5es municipais de Santo Ant\u00f4nio de Jesus, onde a sigla tamb\u00e9m resolveu caminhar com o candidato apoiado pelo petista: o m\u00e9dico Euvaldo Rosa (PSB). Em troca do [&hellip;]<\/p>\n","protected":false},"author":4,"featured_media":165287,"comment_status":"open","ping_status":"open","sticky":false,"template":"","format":"standard","meta":[],"categories":[304],"tags":[76,2949,1780,628,385,1071,1970],"_links":{"self":[{"href":"https:\/\/www.cronicasdeitarantim.com.br\/v1\/wp-json\/wp\/v2\/posts\/165286"}],"collection":[{"href":"https:\/\/www.cronicasdeitarantim.com.br\/v1\/wp-json\/wp\/v2\/posts"}],"about":[{"href":"https:\/\/www.cronicasdeitarantim.com.br\/v1\/wp-json\/wp\/v2\/types\/post"}],"author":[{"embeddable":true,"href":"https:\/\/www.cronicasdeitarantim.com.br\/v1\/wp-json\/wp\/v2\/users\/4"}],"replies":[{"embeddable":true,"href":"https:\/\/www.cronicasdeitarantim.com.br\/v1\/wp-json\/wp\/v2\/comments?post=165286"}],"version-history":[{"count":4,"href":"https:\/\/www.cronicasdeitarantim.com.br\/v1\/wp-json\/wp\/v2\/posts\/165286\/revisions"}],"predecessor-version":[{"id":165291,"href":"https:\/\/www.cronicasdeitarantim.com.br\/v1\/wp-json\/wp\/v2\/posts\/165286\/revisions\/165291"}],"wp:featuredmedia":[{"embeddable":true,"href":"https:\/\/www.cronicasdeitarantim.com.br\/v1\/wp-json\/wp\/v2\/media\/165287"}],"wp:attachment":[{"href":"https:\/\/www.cronicasdeitarantim.com.br\/v1\/wp-json\/wp\/v2\/media?parent=165286"}],"wp:term":[{"taxonomy":"category","embeddable":true,"href":"https:\/\/www.cronicasdeitarantim.com.br\/v1\/wp-json\/wp\/v2\/categories?post=165286"},{"taxonomy":"post_tag","embeddable":true,"href":"https:\/\/www.cronicasdeitarantim.com.br\/v1\/wp-json\/wp\/v2\/tags?post=165286"}],"curies":[{"name":"wp","href":"https:\/\/api.w.org\/{rel}","templated":true}]}}