{"id":165240,"date":"2024-07-23T20:49:29","date_gmt":"2024-07-23T23:49:29","guid":{"rendered":"https:\/\/www.cronicasdeitarantim.com.br\/v1\/?p=165240"},"modified":"2024-07-23T20:49:43","modified_gmt":"2024-07-23T23:49:43","slug":"brasil-tem-mais-de-155-milhoes-de-eleitoras-e-eleitores-aptos-a-votar-em-2024","status":"publish","type":"post","link":"https:\/\/www.cronicasdeitarantim.com.br\/v1\/2024\/07\/23\/brasil-tem-mais-de-155-milhoes-de-eleitoras-e-eleitores-aptos-a-votar-em-2024\/","title":{"rendered":"Brasil tem mais de 155 milh\u00f5es de eleitoras e eleitores aptos a votar em 2024"},"content":{"rendered":"<h4>No dia 6 de outubro, data do 1\u00ba turno das Elei\u00e7\u00f5es Municipais de 2024,\u202f155.912.680 eleitoras e eleitores est\u00e3o aptos a comparecer \u00e0s urnas e escolher representantes para as prefeituras e c\u00e2maras municipais. Assim como ocorreu em elei\u00e7\u00f5es passadas, a maioria do eleitorado \u00e9 composto de mulheres, como informou o TSE.<\/h4>\n<h4>Elas representam 52% do total, alcan\u00e7ando o n\u00famero de 81.806.914 eleitoras. J\u00e1 os homens somam 74.076.997 e equivalem a 48% do eleitorado. Outros 28.769 votantes n\u00e3o informaram o g\u00eanero pelo qual se identificam, o que representa 0,02% do total de eleitores. S\u00e3o essas pessoas que escolher\u00e3o as candidatas e os candidatos que ocupar\u00e3o os cargos de prefeito, vice-prefeito e vereador em 5.569 munic\u00edpios espalhados pelo pa\u00eds.<\/h4>\n<h4>Em Itarantim os dados do \u00faltimo censo indicaram uma queda no n\u00famero de habitantes da cidade, isso poder\u00e1 afetar tamb\u00e9m no n\u00famero de eleitores e na \u00faltima elei\u00e7\u00e3o 25% do eleitorado n\u00e3o votaram e <span class=\"gmail-text-val\">10.763 foram \u00e0s urnas o que representa\u00a0<\/span><span class=\"gmail-text-val gmail-text-val2\">96,19%, votos brancos foram\u00a0<span class=\"gmail-text-val\">110 o que representa\u00a0<\/span>0,98% e nulos\u00a0<span class=\"gmail-text-val\">316 votos,\u00a0<\/span>2,82%.\u00a0<\/span><\/h4>\n<p>&nbsp;<\/p>\n","protected":false},"excerpt":{"rendered":"<p>No dia 6 de outubro, data do 1\u00ba turno das Elei\u00e7\u00f5es Municipais de 2024,\u202f155.912.680 eleitoras e eleitores est\u00e3o aptos a comparecer \u00e0s urnas e escolher representantes para as prefeituras e c\u00e2maras municipais. Assim como ocorreu em elei\u00e7\u00f5es passadas, a maioria do eleitorado \u00e9 composto de mulheres, como informou o TSE. Elas representam 52% do total, alcan\u00e7ando o n\u00famero de 81.806.914 eleitoras. J\u00e1 os homens somam 74.076.997 e equivalem a 48% do eleitorado. Outros 28.769 votantes n\u00e3o informaram o g\u00eanero pelo qual se identificam, o que representa 0,02% do total de eleitores. S\u00e3o essas pessoas que escolher\u00e3o as candidatas e os [&hellip;]<\/p>\n","protected":false},"author":4,"featured_media":165241,"comment_status":"open","ping_status":"open","sticky":false,"template":"","format":"standard","meta":[],"categories":[296],"tags":[433,1780,111,1772,385],"_links":{"self":[{"href":"https:\/\/www.cronicasdeitarantim.com.br\/v1\/wp-json\/wp\/v2\/posts\/165240"}],"collection":[{"href":"https:\/\/www.cronicasdeitarantim.com.br\/v1\/wp-json\/wp\/v2\/posts"}],"about":[{"href":"https:\/\/www.cronicasdeitarantim.com.br\/v1\/wp-json\/wp\/v2\/types\/post"}],"author":[{"embeddable":true,"href":"https:\/\/www.cronicasdeitarantim.com.br\/v1\/wp-json\/wp\/v2\/users\/4"}],"replies":[{"embeddable":true,"href":"https:\/\/www.cronicasdeitarantim.com.br\/v1\/wp-json\/wp\/v2\/comments?post=165240"}],"version-history":[{"count":1,"href":"https:\/\/www.cronicasdeitarantim.com.br\/v1\/wp-json\/wp\/v2\/posts\/165240\/revisions"}],"predecessor-version":[{"id":165242,"href":"https:\/\/www.cronicasdeitarantim.com.br\/v1\/wp-json\/wp\/v2\/posts\/165240\/revisions\/165242"}],"wp:featuredmedia":[{"embeddable":true,"href":"https:\/\/www.cronicasdeitarantim.com.br\/v1\/wp-json\/wp\/v2\/media\/165241"}],"wp:attachment":[{"href":"https:\/\/www.cronicasdeitarantim.com.br\/v1\/wp-json\/wp\/v2\/media?parent=165240"}],"wp:term":[{"taxonomy":"category","embeddable":true,"href":"https:\/\/www.cronicasdeitarantim.com.br\/v1\/wp-json\/wp\/v2\/categories?post=165240"},{"taxonomy":"post_tag","embeddable":true,"href":"https:\/\/www.cronicasdeitarantim.com.br\/v1\/wp-json\/wp\/v2\/tags?post=165240"}],"curies":[{"name":"wp","href":"https:\/\/api.w.org\/{rel}","templated":true}]}}