{"id":165232,"date":"2024-07-23T16:32:08","date_gmt":"2024-07-23T19:32:08","guid":{"rendered":"https:\/\/www.cronicasdeitarantim.com.br\/v1\/?p=165232"},"modified":"2024-07-23T17:06:44","modified_gmt":"2024-07-23T20:06:44","slug":"itarantim-cacamba-carregada-de-blocos-desce-ladeira-e-atinge-casa-no-bairro-bob-kennedy","status":"publish","type":"post","link":"https:\/\/www.cronicasdeitarantim.com.br\/v1\/2024\/07\/23\/itarantim-cacamba-carregada-de-blocos-desce-ladeira-e-atinge-casa-no-bairro-bob-kennedy\/","title":{"rendered":"Itarantim: Ca\u00e7amba carregada de blocos desce ladeira e atinge casa no bairro Bob Kennedy"},"content":{"rendered":"<h4>Uma ca\u00e7amba atingiu em cheio uma casa no bairro Bob Kennedy, na tarde desta ter\u00e7a-feira (23) em Itarantim, no M\u00e9dio Sudoeste da Bahia, ap\u00f3s descer uma longa ladeira na localidade.<\/h4>\n<h4>De acordo com informa\u00e7\u00f5es de moradores da localidade, o motorista, que n\u00e3o foi identificado, perdeu o controle do ve\u00edculo que desceu sem freio, bateu numa mureta que fica numa localidade de nome cais atingindo de frente a casa que no momento n\u00e3o havia ningu\u00e9m dentro.<\/h4>\n<h4>As autoridades est\u00e3o investigando as causas do ocorrido. N\u00e3o temos informa\u00e7\u00f5es do estado de sa\u00fade do condutor da ca\u00e7amba. V\u00eddeos que foram divulgados nas redes sociais mostram o impacto e o estado que ficou a casa totalmente destru\u00edda.<\/h4>\n<h4>Confira v\u00eddeos no nosso Instagram:<\/h4>\n<p><a href=\"https:\/\/www.instagram.com\/p\/C9xum8pvZAh\/?utm_source=ig_web_copy_link&amp;igsh=MzRlODBiNWFlZA==\">https:\/\/www.instagram.com\/p\/C9xum8pvZAh\/?utm_source=ig_web_copy_link&amp;igsh=MzRlODBiNWFlZA==<\/a><\/p>\n","protected":false},"excerpt":{"rendered":"<p>Uma ca\u00e7amba atingiu em cheio uma casa no bairro Bob Kennedy, na tarde desta ter\u00e7a-feira (23) em Itarantim, no M\u00e9dio Sudoeste da Bahia, ap\u00f3s descer uma longa ladeira na localidade. De acordo com informa\u00e7\u00f5es de moradores da localidade, o motorista, que n\u00e3o foi identificado, perdeu o controle do ve\u00edculo que desceu sem freio, bateu numa mureta que fica numa localidade de nome cais atingindo de frente a casa que no momento n\u00e3o havia ningu\u00e9m dentro. As autoridades est\u00e3o investigando as causas do ocorrido. N\u00e3o temos informa\u00e7\u00f5es do estado de sa\u00fade do condutor da ca\u00e7amba. V\u00eddeos que foram divulgados nas redes [&hellip;]<\/p>\n","protected":false},"author":4,"featured_media":165233,"comment_status":"open","ping_status":"open","sticky":false,"template":"","format":"standard","meta":[],"categories":[306],"tags":[487,2796,1235,1780,385],"_links":{"self":[{"href":"https:\/\/www.cronicasdeitarantim.com.br\/v1\/wp-json\/wp\/v2\/posts\/165232"}],"collection":[{"href":"https:\/\/www.cronicasdeitarantim.com.br\/v1\/wp-json\/wp\/v2\/posts"}],"about":[{"href":"https:\/\/www.cronicasdeitarantim.com.br\/v1\/wp-json\/wp\/v2\/types\/post"}],"author":[{"embeddable":true,"href":"https:\/\/www.cronicasdeitarantim.com.br\/v1\/wp-json\/wp\/v2\/users\/4"}],"replies":[{"embeddable":true,"href":"https:\/\/www.cronicasdeitarantim.com.br\/v1\/wp-json\/wp\/v2\/comments?post=165232"}],"version-history":[{"count":3,"href":"https:\/\/www.cronicasdeitarantim.com.br\/v1\/wp-json\/wp\/v2\/posts\/165232\/revisions"}],"predecessor-version":[{"id":165236,"href":"https:\/\/www.cronicasdeitarantim.com.br\/v1\/wp-json\/wp\/v2\/posts\/165232\/revisions\/165236"}],"wp:featuredmedia":[{"embeddable":true,"href":"https:\/\/www.cronicasdeitarantim.com.br\/v1\/wp-json\/wp\/v2\/media\/165233"}],"wp:attachment":[{"href":"https:\/\/www.cronicasdeitarantim.com.br\/v1\/wp-json\/wp\/v2\/media?parent=165232"}],"wp:term":[{"taxonomy":"category","embeddable":true,"href":"https:\/\/www.cronicasdeitarantim.com.br\/v1\/wp-json\/wp\/v2\/categories?post=165232"},{"taxonomy":"post_tag","embeddable":true,"href":"https:\/\/www.cronicasdeitarantim.com.br\/v1\/wp-json\/wp\/v2\/tags?post=165232"}],"curies":[{"name":"wp","href":"https:\/\/api.w.org\/{rel}","templated":true}]}}