{"id":165227,"date":"2024-07-23T15:53:33","date_gmt":"2024-07-23T18:53:33","guid":{"rendered":"https:\/\/www.cronicasdeitarantim.com.br\/v1\/?p=165227"},"modified":"2024-07-23T16:04:59","modified_gmt":"2024-07-23T19:04:59","slug":"politica-volta-do-pp-para-base-governista-depende-de-eleicao-para-prefeitos-em-itarantim-falam-de-rasteira-em-ex-candidato-a-prefeito","status":"publish","type":"post","link":"https:\/\/www.cronicasdeitarantim.com.br\/v1\/2024\/07\/23\/politica-volta-do-pp-para-base-governista-depende-de-eleicao-para-prefeitos-em-itarantim-falam-de-rasteira-em-ex-candidato-a-prefeito\/","title":{"rendered":"Pol\u00edtica: Volta do PP para base governista depende de elei\u00e7\u00e3o para prefeitos, em Itarantim falam de &#8220;rasteira&#8221; em ex-candidato a prefeito"},"content":{"rendered":"<h4>A volta do Partido Progressista (PP) a base do Partido dos Trabalhadores (PT) da Bahia do governo de Jer\u00f4nimo Rodrigues vai depender das elei\u00e7\u00f5es deste ano para prefeitos. De acordo com informa\u00e7\u00f5es de l\u00edderes da sigla, a volta do partido \u00e0 base depender\u00e1 do n\u00famero de prefeitos eleitos.<\/h4>\n<h4>Hoje o partido comanda 50 Prefeituras no estado e os caciques do partido afirmaram para a imprensa de Salvador que se o partido manter este n\u00famero a possibilidade \u00e9 grande de voltar a compor a base do governo no estado.<\/h4>\n<h4>Informa\u00e7\u00f5es d\u00e3o conta que o \u00fanico entrave continua sendo uma parte que \u00e9 ligada ao deputado Jo\u00e3o Le\u00e3o e ao secret\u00e1rio em Salvador, Cac\u00e1 Le\u00e3o que ainda resiste.<\/h4>\n<h4>A volta do PP para a base vem sendo costurada pelo deputado federal presidente da sigla no estado, M\u00e1rio Negromonte, que est\u00e1 insatisfeitos com decis\u00f5es tomadas pelo ex-prefeito de Salvador ACM Neto que fez indica\u00e7\u00e3o contr\u00e1ria a candidato a prefeito no munic\u00edpio de Paulo Afonso, reduto eleitoral da base de Negromonte que tinha outro nome para indicar.<\/h4>\n<h3>Em Itarantim h\u00e1 pol\u00eamica no PP<\/h3>\n<h4>Em Itarantim o Partido Progressista tem uma hist\u00f3ria no munic\u00edpio, o ex-prefeito Gide\u00e3o Soares Mattos, foi gestor na sigla por v\u00e1rios mandatos. Na elei\u00e7\u00e3o passada o postulante ao cargo de prefeito pelo partido foi o advogado Eduardo Almeida (Du), que at\u00e9 pouco tempo estava na sigla e acabou cedendo o partido para ficar no Avante.<\/h4>\n<div id=\"attachment_163295\" style=\"width: 302px\" class=\"wp-caption alignnone\"><a href=\"https:\/\/www.cronicasdeitarantim.com.br\/v1\/wp-content\/uploads\/2024\/04\/WhatsApp-Image-2024-04-25-at-18.53.38.jpeg\"><img aria-describedby=\"caption-attachment-163295\" decoding=\"async\" loading=\"lazy\" class=\"wp-image-163295\" src=\"https:\/\/www.cronicasdeitarantim.com.br\/v1\/wp-content\/uploads\/2024\/04\/WhatsApp-Image-2024-04-25-at-18.53.38.jpeg\" alt=\"\" width=\"292\" height=\"277\" srcset=\"https:\/\/www.cronicasdeitarantim.com.br\/v1\/wp-content\/uploads\/2024\/04\/WhatsApp-Image-2024-04-25-at-18.53.38.jpeg 730w, https:\/\/www.cronicasdeitarantim.com.br\/v1\/wp-content\/uploads\/2024\/04\/WhatsApp-Image-2024-04-25-at-18.53.38-300x284.jpeg 300w, https:\/\/www.cronicasdeitarantim.com.br\/v1\/wp-content\/uploads\/2024\/04\/WhatsApp-Image-2024-04-25-at-18.53.38-400x379.jpeg 400w, https:\/\/www.cronicasdeitarantim.com.br\/v1\/wp-content\/uploads\/2024\/04\/WhatsApp-Image-2024-04-25-at-18.53.38-633x600.jpeg 633w\" sizes=\"(max-width: 292px) 100vw, 292px\" \/><\/a><p id=\"caption-attachment-163295\" class=\"wp-caption-text\">Du Almeida (Avante) pr\u00e9-candidato<\/p><\/div>\n<p>&nbsp;<\/p>\n<h4>Hoje o partido tem uma pr\u00e9-candidata a prefeita no munic\u00edpio, como foi anunciado pelo pr\u00f3prio deputado M\u00e1rio Negromonte em um v\u00eddeo anunciando a vi\u00fava do ex-prefeito Gide\u00e3o, Ana Paula Dantas, para concorrer ao cargo pelo PP.<\/h4>\n<div id=\"attachment_164881\" style=\"width: 308px\" class=\"wp-caption alignnone\"><a href=\"https:\/\/www.cronicasdeitarantim.com.br\/v1\/wp-content\/uploads\/2024\/07\/WhatsApp-Image-2024-07-10-at-15.40.07.jpeg\"><img aria-describedby=\"caption-attachment-164881\" decoding=\"async\" loading=\"lazy\" class=\"wp-image-164881\" src=\"https:\/\/www.cronicasdeitarantim.com.br\/v1\/wp-content\/uploads\/2024\/07\/WhatsApp-Image-2024-07-10-at-15.40.07.jpeg\" alt=\"\" width=\"298\" height=\"269\" srcset=\"https:\/\/www.cronicasdeitarantim.com.br\/v1\/wp-content\/uploads\/2024\/07\/WhatsApp-Image-2024-07-10-at-15.40.07.jpeg 730w, https:\/\/www.cronicasdeitarantim.com.br\/v1\/wp-content\/uploads\/2024\/07\/WhatsApp-Image-2024-07-10-at-15.40.07-300x270.jpeg 300w, https:\/\/www.cronicasdeitarantim.com.br\/v1\/wp-content\/uploads\/2024\/07\/WhatsApp-Image-2024-07-10-at-15.40.07-400x361.jpeg 400w, https:\/\/www.cronicasdeitarantim.com.br\/v1\/wp-content\/uploads\/2024\/07\/WhatsApp-Image-2024-07-10-at-15.40.07-666x600.jpeg 666w\" sizes=\"(max-width: 298px) 100vw, 298px\" \/><\/a><p id=\"caption-attachment-164881\" class=\"wp-caption-text\">Ana Paula Dantas (PP) pr\u00e9-candidata<\/p><\/div>\n<h4>A boca quente da pol\u00edtica em Itarantim que rola nas esquinas, falam por a\u00ed, que Du tomou uma rasteira dos seus pr\u00f3prios aliados ap\u00f3s ceder o partido na esperan\u00e7a de apoio da sigla para sua candidatura, o que n\u00e3o aconteceu e a sigla filiou Ana Paula e a apresentou como pr\u00e9-candidata a prefeita.<\/h4>\n<h4>informa\u00e7\u00f5es que chegaram at\u00e9 nossa reda\u00e7\u00e3o que o advogado ficou muito chateado com a situa\u00e7\u00e3o que agora dificulta at\u00e9 mesmo a uni\u00e3o das oposi\u00e7\u00f5es no munic\u00edpio para disputar contra o atual gestor F\u00e1bio Gusm\u00e3o que tamb\u00e9m enfrenta pol\u00eamicas na sua base na escolha do seu vice.<\/h4>\n<div><\/div>\n","protected":false},"excerpt":{"rendered":"<p>A volta do Partido Progressista (PP) a base do Partido dos Trabalhadores (PT) da Bahia do governo de Jer\u00f4nimo Rodrigues vai depender das elei\u00e7\u00f5es deste ano para prefeitos. De acordo com informa\u00e7\u00f5es de l\u00edderes da sigla, a volta do partido \u00e0 base depender\u00e1 do n\u00famero de prefeitos eleitos. Hoje o partido comanda 50 Prefeituras no estado e os caciques do partido afirmaram para a imprensa de Salvador que se o partido manter este n\u00famero a possibilidade \u00e9 grande de voltar a compor a base do governo no estado. Informa\u00e7\u00f5es d\u00e3o conta que o \u00fanico entrave continua sendo uma parte que [&hellip;]<\/p>\n","protected":false},"author":4,"featured_media":165228,"comment_status":"open","ping_status":"open","sticky":false,"template":"","format":"standard","meta":[],"categories":[304],"tags":[76,2949,2905,1772,628,385,389],"_links":{"self":[{"href":"https:\/\/www.cronicasdeitarantim.com.br\/v1\/wp-json\/wp\/v2\/posts\/165227"}],"collection":[{"href":"https:\/\/www.cronicasdeitarantim.com.br\/v1\/wp-json\/wp\/v2\/posts"}],"about":[{"href":"https:\/\/www.cronicasdeitarantim.com.br\/v1\/wp-json\/wp\/v2\/types\/post"}],"author":[{"embeddable":true,"href":"https:\/\/www.cronicasdeitarantim.com.br\/v1\/wp-json\/wp\/v2\/users\/4"}],"replies":[{"embeddable":true,"href":"https:\/\/www.cronicasdeitarantim.com.br\/v1\/wp-json\/wp\/v2\/comments?post=165227"}],"version-history":[{"count":3,"href":"https:\/\/www.cronicasdeitarantim.com.br\/v1\/wp-json\/wp\/v2\/posts\/165227\/revisions"}],"predecessor-version":[{"id":165231,"href":"https:\/\/www.cronicasdeitarantim.com.br\/v1\/wp-json\/wp\/v2\/posts\/165227\/revisions\/165231"}],"wp:featuredmedia":[{"embeddable":true,"href":"https:\/\/www.cronicasdeitarantim.com.br\/v1\/wp-json\/wp\/v2\/media\/165228"}],"wp:attachment":[{"href":"https:\/\/www.cronicasdeitarantim.com.br\/v1\/wp-json\/wp\/v2\/media?parent=165227"}],"wp:term":[{"taxonomy":"category","embeddable":true,"href":"https:\/\/www.cronicasdeitarantim.com.br\/v1\/wp-json\/wp\/v2\/categories?post=165227"},{"taxonomy":"post_tag","embeddable":true,"href":"https:\/\/www.cronicasdeitarantim.com.br\/v1\/wp-json\/wp\/v2\/tags?post=165227"}],"curies":[{"name":"wp","href":"https:\/\/api.w.org\/{rel}","templated":true}]}}