{"id":165084,"date":"2024-07-19T12:30:33","date_gmt":"2024-07-19T15:30:33","guid":{"rendered":"https:\/\/www.cronicasdeitarantim.com.br\/v1\/?p=165084"},"modified":"2024-07-19T13:01:51","modified_gmt":"2024-07-19T16:01:51","slug":"educacao-colegio-estadual-naomar-realiza-gincana-cultural-com-tema-ambiental","status":"publish","type":"post","link":"https:\/\/www.cronicasdeitarantim.com.br\/v1\/2024\/07\/19\/educacao-colegio-estadual-naomar-realiza-gincana-cultural-com-tema-ambiental\/","title":{"rendered":"Educa\u00e7\u00e3o: Col\u00e9gio Estadual Naomar realiza Gincana Cultural com tema ambiental"},"content":{"rendered":"<h4>O Col\u00e9gio Estadual Naomar Soares Alc\u00e2ntara, realizou entre os dias 17 e 18 sua Gincana Cultural que abordou temas como meio ambiente e cultura nordestina com foco nas nossas tradi\u00e7\u00f5es como festas e a culin\u00e1ria.<\/h4>\n<h4>A gincana aconteceu com alunos do per\u00edodo vespertino\u00a0(tarde) que realizaram diversas apresenta\u00e7\u00f5es culturais e apresentaram a culin\u00e1ria\u00a0das comidas t\u00edpicas da regi\u00e3o nordeste.<\/h4>\n<h4>A reda\u00e7\u00e3o do site Cr\u00f4nicas de Itarantim conversou com o diretor do col\u00e9gio, Amisson, que nos afirmou que a gincana trouxe temas como meio ambiente e a cultura regional do nordeste para despertar nos alunos o interesse pelo assunto que \u00e9 necess\u00e1rio\u00a0hoje em dia trabalhar em salas de aulas.<\/h4>\n<h4>O professor Ricardo, um dos idealizadores da gincana, nos afirmou sobre a import\u00e2ncia\u00a0dessas atividades\u00a0que tratam de temas t\u00e3o importantes, como a cultura do nordeste e o meio ambiente.<\/h4>\n<h4>A professora Poliana Botelho, falou da import\u00e2ncia\u00a0do protagonismo juvenil, ela ressalta a necessidade\u00a0de trabalhar com a juventude temas importantes para que este p\u00fablico se interesse no cuidado com o meio ambiente, cuidar da nossa &#8220;casa comum&#8221; e valorizar a cultura nordestina com suas tradi\u00e7\u00f5es e seu povo.<\/h4>\n<h4>O grupo Cangaceiros foi o grande campe\u00e3o da gincana. Mas isso pouco importa, segundo os organizadores, eles afirmaram que, o mais importante \u00e9 o debate em torno de temas t\u00e3o importantes na classe estudantil.<\/h4>\n<p><strong>*Fotos: Joabes Rodrigues\/Cr\u00f4nicas de Itarantim\u00a0<\/strong><\/p>\n<h4>Confira galeria fotogr\u00e1fica e alguns momentos da gincana:<\/h4>\n<div>\n\n\t\t<style type=\"text\/css\">\n\t\t\t#gallery-1 {\n\t\t\t\tmargin: auto;\n\t\t\t}\n\t\t\t#gallery-1 .gallery-item {\n\t\t\t\tfloat: left;\n\t\t\t\tmargin-top: 10px;\n\t\t\t\ttext-align: center;\n\t\t\t\twidth: 33%;\n\t\t\t}\n\t\t\t#gallery-1 img {\n\t\t\t\tborder: 2px solid #cfcfcf;\n\t\t\t}\n\t\t\t#gallery-1 .gallery-caption {\n\t\t\t\tmargin-left: 0;\n\t\t\t}\n\t\t\t\/* see gallery_shortcode() in wp-includes\/media.php *\/\n\t\t<\/style>\n\t\t<div id='gallery-1' class='gallery galleryid-165084 gallery-columns-3 gallery-size-thumbnail'><dl class='gallery-item'>\n\t\t\t<dt class='gallery-icon landscape'>\n\t\t\t\t<a href='https:\/\/www.cronicasdeitarantim.com.br\/v1\/img-20240719-wa1035_compress34\/'><img width=\"150\" height=\"150\" src=\"https:\/\/www.cronicasdeitarantim.com.br\/v1\/wp-content\/uploads\/2024\/07\/IMG-20240719-WA1035_compress34-150x150.jpg\" class=\"attachment-thumbnail size-thumbnail\" alt=\"\" decoding=\"async\" loading=\"lazy\" srcset=\"https:\/\/www.cronicasdeitarantim.com.br\/v1\/wp-content\/uploads\/2024\/07\/IMG-20240719-WA1035_compress34-150x150.jpg 150w, https:\/\/www.cronicasdeitarantim.com.br\/v1\/wp-content\/uploads\/2024\/07\/IMG-20240719-WA1035_compress34-130x130.jpg 130w\" sizes=\"(max-width: 150px) 100vw, 150px\" \/><\/a>\n\t\t\t<\/dt><\/dl><dl class='gallery-item'>\n\t\t\t<dt class='gallery-icon landscape'>\n\t\t\t\t<a href='https:\/\/www.cronicasdeitarantim.com.br\/v1\/img_20240718_155231_compress21\/'><img width=\"150\" height=\"150\" src=\"https:\/\/www.cronicasdeitarantim.com.br\/v1\/wp-content\/uploads\/2024\/07\/IMG_20240718_155231_compress21-150x150.jpg\" class=\"attachment-thumbnail size-thumbnail\" alt=\"\" decoding=\"async\" loading=\"lazy\" srcset=\"https:\/\/www.cronicasdeitarantim.com.br\/v1\/wp-content\/uploads\/2024\/07\/IMG_20240718_155231_compress21-150x150.jpg 150w, https:\/\/www.cronicasdeitarantim.com.br\/v1\/wp-content\/uploads\/2024\/07\/IMG_20240718_155231_compress21-130x130.jpg 130w\" sizes=\"(max-width: 150px) 100vw, 150px\" \/><\/a>\n\t\t\t<\/dt><\/dl>\n\t\t\t<br style='clear: both' \/>\n\t\t<\/div>\n\n<p><iframe loading=\"lazy\" title=\"Gincana Cultural do Col\u00e9gio Naomar Soares Alc\u00e2ntara (06)\" width=\"1200\" height=\"675\" src=\"https:\/\/www.youtube.com\/embed\/DqLOS-jmduY?feature=oembed\" frameborder=\"0\" allow=\"accelerometer; autoplay; clipboard-write; encrypted-media; gyroscope; picture-in-picture; web-share\" referrerpolicy=\"strict-origin-when-cross-origin\" allowfullscreen><\/iframe><\/p>\n<p><iframe loading=\"lazy\" title=\"Gincana Cultural do Col\u00e9gio Naomar Soares Alc\u00e2ntara (05)\" width=\"1200\" height=\"675\" src=\"https:\/\/www.youtube.com\/embed\/ObfpolGCcmg?feature=oembed\" frameborder=\"0\" allow=\"accelerometer; autoplay; clipboard-write; encrypted-media; gyroscope; picture-in-picture; web-share\" referrerpolicy=\"strict-origin-when-cross-origin\" allowfullscreen><\/iframe><\/p>\n<p><iframe loading=\"lazy\" title=\"Gincana Cultural do Col\u00e9gio Naomar Soares Alc\u00e2ntara (04)\" width=\"1200\" height=\"675\" src=\"https:\/\/www.youtube.com\/embed\/Q3PINeSFcYg?feature=oembed\" frameborder=\"0\" allow=\"accelerometer; autoplay; clipboard-write; encrypted-media; gyroscope; picture-in-picture; web-share\" referrerpolicy=\"strict-origin-when-cross-origin\" allowfullscreen><\/iframe><\/p>\n<p><iframe loading=\"lazy\" title=\"Gincana Cultural do Col\u00e9gio Naomar Soares Alc\u00e2ntara (03)\" width=\"1200\" height=\"675\" src=\"https:\/\/www.youtube.com\/embed\/kgWDyhIIHJA?feature=oembed\" frameborder=\"0\" allow=\"accelerometer; autoplay; clipboard-write; encrypted-media; gyroscope; picture-in-picture; web-share\" referrerpolicy=\"strict-origin-when-cross-origin\" allowfullscreen><\/iframe><\/p>\n<p><iframe loading=\"lazy\" title=\"Gincana Cultural do Col\u00e9gio Naomar Soares Alc\u00e2ntara (02)\" width=\"1200\" height=\"675\" src=\"https:\/\/www.youtube.com\/embed\/5aG8GeNJtHg?feature=oembed\" frameborder=\"0\" allow=\"accelerometer; autoplay; clipboard-write; encrypted-media; gyroscope; picture-in-picture; web-share\" referrerpolicy=\"strict-origin-when-cross-origin\" allowfullscreen><\/iframe><\/p>\n<p><iframe loading=\"lazy\" title=\"Gincana Cultural do Col\u00e9gio Naomar Soares Alc\u00e2ntara (01)\" width=\"1200\" height=\"675\" src=\"https:\/\/www.youtube.com\/embed\/EDDdXpL_u-Y?feature=oembed\" frameborder=\"0\" allow=\"accelerometer; autoplay; clipboard-write; encrypted-media; gyroscope; picture-in-picture; web-share\" referrerpolicy=\"strict-origin-when-cross-origin\" allowfullscreen><\/iframe><\/p>\n<\/div>\n<div><\/div>\n","protected":false},"excerpt":{"rendered":"<p>O Col\u00e9gio Estadual Naomar Soares Alc\u00e2ntara, realizou entre os dias 17 e 18 sua Gincana Cultural que abordou temas como meio ambiente e cultura nordestina com foco nas nossas tradi\u00e7\u00f5es como festas e a culin\u00e1ria. A gincana aconteceu com alunos do per\u00edodo vespertino\u00a0(tarde) que realizaram diversas apresenta\u00e7\u00f5es culturais e apresentaram a culin\u00e1ria\u00a0das comidas t\u00edpicas da regi\u00e3o nordeste. A reda\u00e7\u00e3o do site Cr\u00f4nicas de Itarantim conversou com o diretor do col\u00e9gio, Amisson, que nos afirmou que a gincana trouxe temas como meio ambiente e a cultura regional do nordeste para despertar nos alunos o interesse pelo assunto que \u00e9 necess\u00e1rio\u00a0hoje em [&hellip;]<\/p>\n","protected":false},"author":4,"featured_media":0,"comment_status":"open","ping_status":"open","sticky":false,"template":"","format":"standard","meta":[],"categories":[363],"tags":[1802,1780,110,2911,385,2912],"_links":{"self":[{"href":"https:\/\/www.cronicasdeitarantim.com.br\/v1\/wp-json\/wp\/v2\/posts\/165084"}],"collection":[{"href":"https:\/\/www.cronicasdeitarantim.com.br\/v1\/wp-json\/wp\/v2\/posts"}],"about":[{"href":"https:\/\/www.cronicasdeitarantim.com.br\/v1\/wp-json\/wp\/v2\/types\/post"}],"author":[{"embeddable":true,"href":"https:\/\/www.cronicasdeitarantim.com.br\/v1\/wp-json\/wp\/v2\/users\/4"}],"replies":[{"embeddable":true,"href":"https:\/\/www.cronicasdeitarantim.com.br\/v1\/wp-json\/wp\/v2\/comments?post=165084"}],"version-history":[{"count":7,"href":"https:\/\/www.cronicasdeitarantim.com.br\/v1\/wp-json\/wp\/v2\/posts\/165084\/revisions"}],"predecessor-version":[{"id":165155,"href":"https:\/\/www.cronicasdeitarantim.com.br\/v1\/wp-json\/wp\/v2\/posts\/165084\/revisions\/165155"}],"wp:attachment":[{"href":"https:\/\/www.cronicasdeitarantim.com.br\/v1\/wp-json\/wp\/v2\/media?parent=165084"}],"wp:term":[{"taxonomy":"category","embeddable":true,"href":"https:\/\/www.cronicasdeitarantim.com.br\/v1\/wp-json\/wp\/v2\/categories?post=165084"},{"taxonomy":"post_tag","embeddable":true,"href":"https:\/\/www.cronicasdeitarantim.com.br\/v1\/wp-json\/wp\/v2\/tags?post=165084"}],"curies":[{"name":"wp","href":"https:\/\/api.w.org\/{rel}","templated":true}]}}