{"id":165019,"date":"2024-07-15T23:24:09","date_gmt":"2024-07-16T02:24:09","guid":{"rendered":"https:\/\/www.cronicasdeitarantim.com.br\/v1\/?p=165019"},"modified":"2024-07-15T23:24:09","modified_gmt":"2024-07-16T02:24:09","slug":"bahia-homem-que-saqueava-carga-de-cerveja-sofre-mal-subido-e-acaba-morrendo-na-br-116","status":"publish","type":"post","link":"https:\/\/www.cronicasdeitarantim.com.br\/v1\/2024\/07\/15\/bahia-homem-que-saqueava-carga-de-cerveja-sofre-mal-subido-e-acaba-morrendo-na-br-116\/","title":{"rendered":"Bahia: Homem que saqueava carga de cerveja sofre mal subido e acaba morrendo na BR\/116"},"content":{"rendered":"<div class=\"conteudo_post\">\n<h4>Um homem de 30 anos morreu, v\u00edtima de um mal s\u00fabito enquanto saqueava um caminh\u00e3o carregado de cerveja que tombou na BR-116, pr\u00f3ximo da entrada de Santo Est\u00eav\u00e3o. Segundo informa\u00e7\u00f5es da Pol\u00edcia Rodovi\u00e1ria Federal (PRF) e publicada no portal Bahia.ba, Adriano Gomes Machado passou mal e caiu no ch\u00e3o enquanto saqueava a carga ao lado de outros moradores da regi\u00e3o.<\/h4>\n<h4>Na tentativa de reanim\u00e1-lo, uma equipe de resgate da ViaBahia, concession\u00e1ria que administra o trecho da rodovia, foi acionada por testemunhas. A equipe m\u00e9dica tentou socorrer o homem, mas ele j\u00e1 n\u00e3o apresentava sinais vitais.<\/h4>\n<h4>O corpo de Adriano foi removido para ser necropsiado no Instituto M\u00e9dico Legal de Feira de Santana. Ainda de acordo com a PRF, o condutor do caminh\u00e3o e dois ocupantes sofreram les\u00f5es leves e n\u00e3o precisaram de atendimento m\u00e9dico. O acidente aconteceu ap\u00f3s a cabine se soltar do cavalo mec\u00e2nico.<\/h4>\n<\/div>\n<div id=\"div-share\"><\/div>\n","protected":false},"excerpt":{"rendered":"<p>Um homem de 30 anos morreu, v\u00edtima de um mal s\u00fabito enquanto saqueava um caminh\u00e3o carregado de cerveja que tombou na BR-116, pr\u00f3ximo da entrada de Santo Est\u00eav\u00e3o. Segundo informa\u00e7\u00f5es da Pol\u00edcia Rodovi\u00e1ria Federal (PRF) e publicada no portal Bahia.ba, Adriano Gomes Machado passou mal e caiu no ch\u00e3o enquanto saqueava a carga ao lado de outros moradores da regi\u00e3o. Na tentativa de reanim\u00e1-lo, uma equipe de resgate da ViaBahia, concession\u00e1ria que administra o trecho da rodovia, foi acionada por testemunhas. A equipe m\u00e9dica tentou socorrer o homem, mas ele j\u00e1 n\u00e3o apresentava sinais vitais. O corpo de Adriano foi [&hellip;]<\/p>\n","protected":false},"author":4,"featured_media":165020,"comment_status":"open","ping_status":"open","sticky":false,"template":"","format":"standard","meta":[],"categories":[295],"tags":[76,2933,1780,989,559,2932],"_links":{"self":[{"href":"https:\/\/www.cronicasdeitarantim.com.br\/v1\/wp-json\/wp\/v2\/posts\/165019"}],"collection":[{"href":"https:\/\/www.cronicasdeitarantim.com.br\/v1\/wp-json\/wp\/v2\/posts"}],"about":[{"href":"https:\/\/www.cronicasdeitarantim.com.br\/v1\/wp-json\/wp\/v2\/types\/post"}],"author":[{"embeddable":true,"href":"https:\/\/www.cronicasdeitarantim.com.br\/v1\/wp-json\/wp\/v2\/users\/4"}],"replies":[{"embeddable":true,"href":"https:\/\/www.cronicasdeitarantim.com.br\/v1\/wp-json\/wp\/v2\/comments?post=165019"}],"version-history":[{"count":1,"href":"https:\/\/www.cronicasdeitarantim.com.br\/v1\/wp-json\/wp\/v2\/posts\/165019\/revisions"}],"predecessor-version":[{"id":165021,"href":"https:\/\/www.cronicasdeitarantim.com.br\/v1\/wp-json\/wp\/v2\/posts\/165019\/revisions\/165021"}],"wp:featuredmedia":[{"embeddable":true,"href":"https:\/\/www.cronicasdeitarantim.com.br\/v1\/wp-json\/wp\/v2\/media\/165020"}],"wp:attachment":[{"href":"https:\/\/www.cronicasdeitarantim.com.br\/v1\/wp-json\/wp\/v2\/media?parent=165019"}],"wp:term":[{"taxonomy":"category","embeddable":true,"href":"https:\/\/www.cronicasdeitarantim.com.br\/v1\/wp-json\/wp\/v2\/categories?post=165019"},{"taxonomy":"post_tag","embeddable":true,"href":"https:\/\/www.cronicasdeitarantim.com.br\/v1\/wp-json\/wp\/v2\/tags?post=165019"}],"curies":[{"name":"wp","href":"https:\/\/api.w.org\/{rel}","templated":true}]}}