{"id":164853,"date":"2024-07-09T15:39:22","date_gmt":"2024-07-09T18:39:22","guid":{"rendered":"https:\/\/www.cronicasdeitarantim.com.br\/v1\/?p=164853"},"modified":"2024-07-09T15:39:37","modified_gmt":"2024-07-09T18:39:37","slug":"cultura-gincana-cultural-do-colegio-estadual-naomar-soares-alcantara-vai-movimentar-estudantes","status":"publish","type":"post","link":"https:\/\/www.cronicasdeitarantim.com.br\/v1\/2024\/07\/09\/cultura-gincana-cultural-do-colegio-estadual-naomar-soares-alcantara-vai-movimentar-estudantes\/","title":{"rendered":"Cultura: Gincana cultural do Col\u00e9gio Estadual Naomar Soares Alc\u00e2ntara vai movimentar estudantes"},"content":{"rendered":"<h4>Na \u00faltima quarta-feira (3), as produ\u00e7\u00f5es para a t\u00e3o esperada Gincana come\u00e7aram a tomar forma. Uma competi\u00e7\u00e3o escolar, cujo tema deste ano \u00e9 \u201cMeu Ambiente, Meu Povo, Minha Cultura\u201d, onde os grupos precisam trazer de volta suas origens, real\u00e7ar e lembrar a hist\u00f3ria de quem ajudou a construir o presente, valorizando as comidas, tradi\u00e7\u00f5es e costumes da terra.<\/h4>\n<h4>Esses pontos est\u00e3o sendo profundamente abordados e trabalhados no grupo \u201cOs Cangaceiros\u201d, que em pouco mais de um m\u00eas, vem tendo como principal objetivo externar da melhor forma poss\u00edvel a sua profunda gratid\u00e3o ao Brasil, a Bahia e principalmente a Itarantim, por meio das atividades que foram propostas. Desta maneira, veremos nos pr\u00f3ximos dias o t\u00e3o esperado grito de guerra, que vai dar o que falar entre os advers\u00e1rios. Al\u00e9m da exibi\u00e7\u00e3o de uma elaborada dan\u00e7a e de uma bela apresenta\u00e7\u00e3o teatral, que j\u00e1 est\u00e3o sendo finalizadas. Sem falar da poesia de cordel, que ir\u00e1 trazer \u00e0 tona temas regionais, muitas vezes esquecidos ou ignorados por grande parte dos conterr\u00e2neos.<\/h4>\n<h4>Enfim, os preparativos est\u00e3o a todo vapor e o Blog Cr\u00f4nicas de Itarantim estar\u00e1 de perto, acompanhando a exposi\u00e7\u00e3o de pratos t\u00edpicos, de m\u00fasicas, dentre outras atra\u00e7\u00f5es que ocorrer\u00e3o nos dias 17 e 18 de julho, no Col\u00e9gio Estadual Naomar Soares Alc\u00e2ntara (CENSA). Por\u00e9m o Blog ressalta que os tr\u00eas grupos que ir\u00e3o participar deste grande evento cultural e educacional est\u00e3o sendo muito especulado na cidade pelos mun\u00edcipes e pessoas que j\u00e1 est\u00e3o no aguardo do evento.<\/h4>\n<h4>Ao Diretor Amisson dos Santos Nunes, parab\u00e9ns pela ideia. O blog tamb\u00e9m deseja boa sorte \u00e0s equipes, em especial aos l\u00edderes da Equipe Os Cangaceiros: Ana Paula Lacerda, Gabrielly Xavier, Giovanna Lira, Gabriel Nogueira, Jhon Vitor Ferreira e Kamilly Oliveira.<\/h4>\n","protected":false},"excerpt":{"rendered":"<p>Na \u00faltima quarta-feira (3), as produ\u00e7\u00f5es para a t\u00e3o esperada Gincana come\u00e7aram a tomar forma. Uma competi\u00e7\u00e3o escolar, cujo tema deste ano \u00e9 \u201cMeu Ambiente, Meu Povo, Minha Cultura\u201d, onde os grupos precisam trazer de volta suas origens, real\u00e7ar e lembrar a hist\u00f3ria de quem ajudou a construir o presente, valorizando as comidas, tradi\u00e7\u00f5es e costumes da terra. Esses pontos est\u00e3o sendo profundamente abordados e trabalhados no grupo \u201cOs Cangaceiros\u201d, que em pouco mais de um m\u00eas, vem tendo como principal objetivo externar da melhor forma poss\u00edvel a sua profunda gratid\u00e3o ao Brasil, a Bahia e principalmente a Itarantim, por [&hellip;]<\/p>\n","protected":false},"author":4,"featured_media":164854,"comment_status":"open","ping_status":"open","sticky":false,"template":"","format":"standard","meta":[],"categories":[538],"tags":[1802,1780,110,2696,2911,2912],"_links":{"self":[{"href":"https:\/\/www.cronicasdeitarantim.com.br\/v1\/wp-json\/wp\/v2\/posts\/164853"}],"collection":[{"href":"https:\/\/www.cronicasdeitarantim.com.br\/v1\/wp-json\/wp\/v2\/posts"}],"about":[{"href":"https:\/\/www.cronicasdeitarantim.com.br\/v1\/wp-json\/wp\/v2\/types\/post"}],"author":[{"embeddable":true,"href":"https:\/\/www.cronicasdeitarantim.com.br\/v1\/wp-json\/wp\/v2\/users\/4"}],"replies":[{"embeddable":true,"href":"https:\/\/www.cronicasdeitarantim.com.br\/v1\/wp-json\/wp\/v2\/comments?post=164853"}],"version-history":[{"count":2,"href":"https:\/\/www.cronicasdeitarantim.com.br\/v1\/wp-json\/wp\/v2\/posts\/164853\/revisions"}],"predecessor-version":[{"id":164856,"href":"https:\/\/www.cronicasdeitarantim.com.br\/v1\/wp-json\/wp\/v2\/posts\/164853\/revisions\/164856"}],"wp:featuredmedia":[{"embeddable":true,"href":"https:\/\/www.cronicasdeitarantim.com.br\/v1\/wp-json\/wp\/v2\/media\/164854"}],"wp:attachment":[{"href":"https:\/\/www.cronicasdeitarantim.com.br\/v1\/wp-json\/wp\/v2\/media?parent=164853"}],"wp:term":[{"taxonomy":"category","embeddable":true,"href":"https:\/\/www.cronicasdeitarantim.com.br\/v1\/wp-json\/wp\/v2\/categories?post=164853"},{"taxonomy":"post_tag","embeddable":true,"href":"https:\/\/www.cronicasdeitarantim.com.br\/v1\/wp-json\/wp\/v2\/tags?post=164853"}],"curies":[{"name":"wp","href":"https:\/\/api.w.org\/{rel}","templated":true}]}}