{"id":164741,"date":"2024-07-04T21:25:42","date_gmt":"2024-07-05T00:25:42","guid":{"rendered":"https:\/\/www.cronicasdeitarantim.com.br\/v1\/?p=164741"},"modified":"2024-07-04T21:25:42","modified_gmt":"2024-07-05T00:25:42","slug":"brasil-bolsonaro-e-cid-sao-indiciados-pela-pf-por-desvio-de-joias-do-acervo-presidencial","status":"publish","type":"post","link":"https:\/\/www.cronicasdeitarantim.com.br\/v1\/2024\/07\/04\/brasil-bolsonaro-e-cid-sao-indiciados-pela-pf-por-desvio-de-joias-do-acervo-presidencial\/","title":{"rendered":"Brasil: Bolsonaro e Cid s\u00e3o indiciados pela PF por desvio de joias do acervo presidencial"},"content":{"rendered":"<div class=\"styles__Body-sc-1ffquwr-7 ePhtZb\">\n<h4 data-mrf-recirculation=\"Recomenda\u00e7\u00e3o meio do texto\" data-track-category=\"Link no Texto\">A Pol\u00edcia Federal indiciou o ex-presidente Jair Bolsonaro e o seu ex-ajudante de ordens Mauro Cid no inqu\u00e9rito que apura o desvio de joias do acervo presidencial. Os crimes atribu\u00eddos aos dois s\u00e3o de peculato e associa\u00e7\u00e3o criminosa lavagem de dinheiro. Caber\u00e1 agora \u00e0 Procuradoria-Geral da Rep\u00fablica decidir se oferece den\u00fancia ou pede o arquivamento do caso.<\/h4>\n<h4 data-mrf-recirculation=\"Recomenda\u00e7\u00e3o meio do texto\" data-track-category=\"Link no Texto\">Ao longo da apura\u00e7\u00e3o da PF, a defesa de Bolsonaro chegou a afirmar que ele agiu dentro da lei&#8221; e &#8220;declarou oficialmente os bens de car\u00e1ter personal\u00edssimo recebidos em viagens\u201d. Esses itens, na vis\u00e3o dos advogados, deveriam compor seu acervo privado, sendo levados por ele ao fim de seu mandato.<\/h4>\n<h4 data-mrf-recirculation=\"Recomenda\u00e7\u00e3o meio do texto\" data-track-category=\"Link no Texto\">Bolsonaro foi indiciado por associa\u00e7\u00e3o criminosa, lavagem de dinheiro e apropria\u00e7\u00e3o de bens p\u00fablicos.\u00a0Tamb\u00e9m foram indiciados: Bento Albuquerque; Jos\u00e9 Roberto Bueno J\u00fanior; Julio Cesar Vieira Gomes; Marcelo da Silva Vieira; Marcos Andr\u00e9 dos Santos Soeiro; Mauro Cesar Barbosa Cid; Fabio Wajngarten; Frederick Wassef; Marcelo Costa C\u00e2mara; Mauro Cesar Lourena Cid; Osmar Crivelatti.<\/h4>\n<h4 data-mrf-recirculation=\"Recomenda\u00e7\u00e3o meio do texto\" data-track-category=\"Link no Texto\">Eles s\u00e3o suspeitos de participarem de um esquema de apropria\u00e7\u00e3o irregular de pelo menos quatro kits de joias recebidos por Bolsonaro na condi\u00e7\u00e3o de chefe de Estado. Os conjuntos, que incluem rel\u00f3gios, abotoaduras, ros\u00e1rios, esculturas e aneis, foram dados por autoridades da Ar\u00e1bia Saudita e do Bahrein em viagens oficiais ocorridas entre 2019 e 2021. Ao longo da investiga\u00e7\u00e3o, a PF reuniu provas de que alguns desses presentes foram retirados do Brasil durante miss\u00f5es oficiais e depois foram comercializados em lojas nos Estados Unidos. (Metro1).<\/h4>\n<\/div>\n","protected":false},"excerpt":{"rendered":"<p>A Pol\u00edcia Federal indiciou o ex-presidente Jair Bolsonaro e o seu ex-ajudante de ordens Mauro Cid no inqu\u00e9rito que apura o desvio de joias do acervo presidencial. Os crimes atribu\u00eddos aos dois s\u00e3o de peculato e associa\u00e7\u00e3o criminosa lavagem de dinheiro. Caber\u00e1 agora \u00e0 Procuradoria-Geral da Rep\u00fablica decidir se oferece den\u00fancia ou pede o arquivamento do caso. Ao longo da apura\u00e7\u00e3o da PF, a defesa de Bolsonaro chegou a afirmar que ele agiu dentro da lei&#8221; e &#8220;declarou oficialmente os bens de car\u00e1ter personal\u00edssimo recebidos em viagens\u201d. Esses itens, na vis\u00e3o dos advogados, deveriam compor seu acervo privado, sendo levados [&hellip;]<\/p>\n","protected":false},"author":4,"featured_media":164742,"comment_status":"open","ping_status":"open","sticky":false,"template":"","format":"standard","meta":[],"categories":[1],"tags":[1240,1780,2900,2265,1828],"_links":{"self":[{"href":"https:\/\/www.cronicasdeitarantim.com.br\/v1\/wp-json\/wp\/v2\/posts\/164741"}],"collection":[{"href":"https:\/\/www.cronicasdeitarantim.com.br\/v1\/wp-json\/wp\/v2\/posts"}],"about":[{"href":"https:\/\/www.cronicasdeitarantim.com.br\/v1\/wp-json\/wp\/v2\/types\/post"}],"author":[{"embeddable":true,"href":"https:\/\/www.cronicasdeitarantim.com.br\/v1\/wp-json\/wp\/v2\/users\/4"}],"replies":[{"embeddable":true,"href":"https:\/\/www.cronicasdeitarantim.com.br\/v1\/wp-json\/wp\/v2\/comments?post=164741"}],"version-history":[{"count":1,"href":"https:\/\/www.cronicasdeitarantim.com.br\/v1\/wp-json\/wp\/v2\/posts\/164741\/revisions"}],"predecessor-version":[{"id":164743,"href":"https:\/\/www.cronicasdeitarantim.com.br\/v1\/wp-json\/wp\/v2\/posts\/164741\/revisions\/164743"}],"wp:featuredmedia":[{"embeddable":true,"href":"https:\/\/www.cronicasdeitarantim.com.br\/v1\/wp-json\/wp\/v2\/media\/164742"}],"wp:attachment":[{"href":"https:\/\/www.cronicasdeitarantim.com.br\/v1\/wp-json\/wp\/v2\/media?parent=164741"}],"wp:term":[{"taxonomy":"category","embeddable":true,"href":"https:\/\/www.cronicasdeitarantim.com.br\/v1\/wp-json\/wp\/v2\/categories?post=164741"},{"taxonomy":"post_tag","embeddable":true,"href":"https:\/\/www.cronicasdeitarantim.com.br\/v1\/wp-json\/wp\/v2\/tags?post=164741"}],"curies":[{"name":"wp","href":"https:\/\/api.w.org\/{rel}","templated":true}]}}