{"id":164427,"date":"2024-06-19T03:17:45","date_gmt":"2024-06-19T06:17:45","guid":{"rendered":"https:\/\/www.cronicasdeitarantim.com.br\/v1\/?p=164427"},"modified":"2024-06-19T03:17:45","modified_gmt":"2024-06-19T06:17:45","slug":"itarantim-presenca-do-presidente-do-sindicato-dos-guardas-da-bahia-na-camara-de-vereadores-gera-debate-e-protestos","status":"publish","type":"post","link":"https:\/\/www.cronicasdeitarantim.com.br\/v1\/2024\/06\/19\/itarantim-presenca-do-presidente-do-sindicato-dos-guardas-da-bahia-na-camara-de-vereadores-gera-debate-e-protestos\/","title":{"rendered":"Itarantim: Presen\u00e7a do presidente do Sindicato dos Guardas da Bahia na C\u00e2mara de Vereadores gera debate e protestos"},"content":{"rendered":"<p>A Sess\u00e3o Ordin\u00e1ria da C\u00e2mara de Vereadores de Itarantim, realizada nesta ter\u00e7a-feira (18), foi marcada por confus\u00e3o e protestos devido \u00e0 presen\u00e7a do presidente do Sindicato dos Guardas da Bahia (SindGuardas-Ba), Pedro. Ele utilizou a tribuna livre para relatar a situa\u00e7\u00e3o do comandante da Guarda Municipal de Itarantim, Edilson, acusando-o de praticar atos de opress\u00e3o e persegui\u00e7\u00e3o contra colegas de servi\u00e7o.<\/p>\n<p>Pedro mencionou um incidente envolvendo um guarda que estava cumprindo servi\u00e7o no F\u00f3rum da cidade e foi amea\u00e7ado pelo comandante, gerando uma confus\u00e3o entre os dois. Al\u00e9m disso, abordou a agress\u00e3o a um idoso durante uma abordagem em que dois agentes, incluindo o comandante, agrediram o idoso, fato que ganhou notoriedade nacional com v\u00eddeos divulgados pelos familiares.<\/p>\n<p>O presidente do SindGuardas da Bahia afirmou que a situa\u00e7\u00e3o dos agentes de seguran\u00e7a do munic\u00edpio vem passando por momento ca\u00f3tica devido \u00e0 falta de estrutura e \u00e0 atua\u00e7\u00e3o do comandante. Ele tamb\u00e9m criticou o prefeito por deixar o comandante \u00e0 frente da Guarda Municipal.<\/p>\n<p>Essas declara\u00e7\u00f5es causaram revolta em alguns vereadores da base do prefeito F\u00e1bio Gusm\u00e3o, que defenderam o comandante e a Guarda Municipal, acusando o presidente dos Guardas da Bahia de destilar discurso de \u00f3dio. O vereador Pedro Paulo criticou a postura do presidente dos guardas e, durante sua fala na tribuna, os guardas presentes viraram as costas para ele em forma de manifesto.<\/p>\n<p>A situa\u00e7\u00e3o evidenciou um conflito entre o sindicato dos guardas e parte dos vereadores, refletindo a tens\u00e3o em rela\u00e7\u00e3o \u00e0 gest\u00e3o da Guarda Municipal em Itarantim.<\/p>\n<p>Confira fala do presidente do SindGuardas e o momento do manifesto dos agentes:<\/p>\n<p><iframe loading=\"lazy\" title=\"Itarantim: Presidente do Sindicato dos Guardas da Bahia critica comandante da GCM de Itarantim\" width=\"1200\" height=\"675\" src=\"https:\/\/www.youtube.com\/embed\/z3pX04cljA0?feature=oembed\" frameborder=\"0\" allow=\"accelerometer; autoplay; clipboard-write; encrypted-media; gyroscope; picture-in-picture; web-share\" referrerpolicy=\"strict-origin-when-cross-origin\" allowfullscreen><\/iframe><\/p>\n<p><iframe loading=\"lazy\" title=\"SindGuardas fazem manifesto na C\u00e2mara de Vereadores de Itarantim em fala de vereador.\" width=\"1200\" height=\"675\" src=\"https:\/\/www.youtube.com\/embed\/cCst6TjMAxo?feature=oembed\" frameborder=\"0\" allow=\"accelerometer; autoplay; clipboard-write; encrypted-media; gyroscope; picture-in-picture; web-share\" referrerpolicy=\"strict-origin-when-cross-origin\" allowfullscreen><\/iframe><\/p>\n<p>&nbsp;<\/p>\n<p>&nbsp;<\/p>\n","protected":false},"excerpt":{"rendered":"<p>A Sess\u00e3o Ordin\u00e1ria da C\u00e2mara de Vereadores de Itarantim, realizada nesta ter\u00e7a-feira (18), foi marcada por confus\u00e3o e protestos devido \u00e0 presen\u00e7a do presidente do Sindicato dos Guardas da Bahia (SindGuardas-Ba), Pedro. Ele utilizou a tribuna livre para relatar a situa\u00e7\u00e3o do comandante da Guarda Municipal de Itarantim, Edilson, acusando-o de praticar atos de opress\u00e3o e persegui\u00e7\u00e3o contra colegas de servi\u00e7o. Pedro mencionou um incidente envolvendo um guarda que estava cumprindo servi\u00e7o no F\u00f3rum da cidade e foi amea\u00e7ado pelo comandante, gerando uma confus\u00e3o entre os dois. Al\u00e9m disso, abordou a agress\u00e3o a um idoso durante uma abordagem em que [&hellip;]<\/p>\n","protected":false},"author":4,"featured_media":164428,"comment_status":"open","ping_status":"open","sticky":false,"template":"","format":"standard","meta":[],"categories":[1],"tags":[356,1780,2805,385,1088],"_links":{"self":[{"href":"https:\/\/www.cronicasdeitarantim.com.br\/v1\/wp-json\/wp\/v2\/posts\/164427"}],"collection":[{"href":"https:\/\/www.cronicasdeitarantim.com.br\/v1\/wp-json\/wp\/v2\/posts"}],"about":[{"href":"https:\/\/www.cronicasdeitarantim.com.br\/v1\/wp-json\/wp\/v2\/types\/post"}],"author":[{"embeddable":true,"href":"https:\/\/www.cronicasdeitarantim.com.br\/v1\/wp-json\/wp\/v2\/users\/4"}],"replies":[{"embeddable":true,"href":"https:\/\/www.cronicasdeitarantim.com.br\/v1\/wp-json\/wp\/v2\/comments?post=164427"}],"version-history":[{"count":1,"href":"https:\/\/www.cronicasdeitarantim.com.br\/v1\/wp-json\/wp\/v2\/posts\/164427\/revisions"}],"predecessor-version":[{"id":164429,"href":"https:\/\/www.cronicasdeitarantim.com.br\/v1\/wp-json\/wp\/v2\/posts\/164427\/revisions\/164429"}],"wp:featuredmedia":[{"embeddable":true,"href":"https:\/\/www.cronicasdeitarantim.com.br\/v1\/wp-json\/wp\/v2\/media\/164428"}],"wp:attachment":[{"href":"https:\/\/www.cronicasdeitarantim.com.br\/v1\/wp-json\/wp\/v2\/media?parent=164427"}],"wp:term":[{"taxonomy":"category","embeddable":true,"href":"https:\/\/www.cronicasdeitarantim.com.br\/v1\/wp-json\/wp\/v2\/categories?post=164427"},{"taxonomy":"post_tag","embeddable":true,"href":"https:\/\/www.cronicasdeitarantim.com.br\/v1\/wp-json\/wp\/v2\/tags?post=164427"}],"curies":[{"name":"wp","href":"https:\/\/api.w.org\/{rel}","templated":true}]}}