{"id":164417,"date":"2024-06-19T00:01:21","date_gmt":"2024-06-19T03:01:21","guid":{"rendered":"https:\/\/www.cronicasdeitarantim.com.br\/v1\/?p=164417"},"modified":"2024-06-19T00:19:37","modified_gmt":"2024-06-19T03:19:37","slug":"incendio-em-carro-mobiliza-colaboracao-entre-pre-candidato-de-potiragua-e-prefeito-de-itarantim","status":"publish","type":"post","link":"https:\/\/www.cronicasdeitarantim.com.br\/v1\/2024\/06\/19\/incendio-em-carro-mobiliza-colaboracao-entre-pre-candidato-de-potiragua-e-prefeito-de-itarantim\/","title":{"rendered":"Inc\u00eandio em carro mobiliza colabora\u00e7\u00e3o entre pr\u00e9-candidato de Potiragu\u00e1 e prefeito de Itarantim"},"content":{"rendered":"<p>Na noite desta ter\u00e7a-feira, um carro pegou fogo na Travessa Almerindo Pires, localizada no Centro do munic\u00edpio de Potiragu\u00e1. A r\u00e1pida a\u00e7\u00e3o conjunta das cidades vizinhas evitou que o incidente tomasse propor\u00e7\u00f5es maiores.<\/p>\n<p>O pr\u00e9-candidato a prefeito de Potiragu\u00e1, Maur\u00edcio Portugal, solicitou apoio ao prefeito da cidade vizinha, Itarantim. Em uma demonstra\u00e7\u00e3o clara de parceria e amizade, o prefeito de Itarantim enviou imediatamente um caminh\u00e3o-pipa e uma equipe de bombeiros civis para auxiliar no combate ao inc\u00eandio.<\/p>\n<p>A colabora\u00e7\u00e3o entre os dois pol\u00edticos, ambos do partido PSD, foi crucial para controlar a situa\u00e7\u00e3o rapidamente. Essa a\u00e7\u00e3o conjunta refor\u00e7a a alian\u00e7a entre Potiragu\u00e1 e Itarantim, evidenciando como essa parceria pode trazer in\u00fameros benef\u00edcios para ambas as cidades. A atua\u00e7\u00e3o r\u00e1pida e eficiente da equipe de Itarantim foi essencial para evitar danos maiores e garantir a seguran\u00e7a da popula\u00e7\u00e3o local.<\/p>\n<p>Os moradores de Potiragu\u00e1 elogiaram a a\u00e7\u00e3o e destacaram a import\u00e2ncia de ter l\u00edderes comprometidos e cooperativos. A uni\u00e3o entre Maur\u00edcio Portugal e o prefeito de Itarantim n\u00e3o s\u00f3 garantiu uma resposta r\u00e1pida ao incidente, mas tamb\u00e9m fortaleceu a confian\u00e7a da popula\u00e7\u00e3o na capacidade de gest\u00e3o e colabora\u00e7\u00e3o entre os munic\u00edpios.<\/p>\n<p>Com a aproxima\u00e7\u00e3o das elei\u00e7\u00f5es, a demonstra\u00e7\u00e3o de solidariedade e trabalho conjunto entre os pr\u00e9-candidatos e prefeitos do PSD pode ser um indicativo positivo de como a pol\u00edtica pode ser utilizada para o bem comum e desenvolvimento regional.<\/p>\n<p>Ainda sobre o inc\u00eandio, Ivanilson Miranda &#8211; Bombeiro profissional civil CNBC 224328, do Conselho Nacional de Bombeirinhos Civis &#8211; CNBC, um dos que fazem parte dos Bombeiros Civis de Itarantim, nos informou que ao chegar em Potiragu\u00e1 com a informa\u00e7\u00e3o que seria um caminh\u00e3o pegando fogo, que na realidade era um carro de passeio e as chamas j\u00e1 estavam parcialmente controladas com apoio do secret\u00e1rio da Prefeitura de Potiragu\u00e1, Igor Ribeiro, do Posto de Net\u00e3o, vereador Hermes Ribas e Fabr\u00edcio Oliveira (Sor\u00f3).<\/p>\n<p>Confira v\u00eddeo:<\/p>\n<p><iframe loading=\"lazy\" title=\"Bombeiros Civis de Itarantim ajuda no combate ao inc\u00eandio de carro em Potiragu\u00e1\" width=\"1200\" height=\"675\" src=\"https:\/\/www.youtube.com\/embed\/K6MJT2wsQjc?feature=oembed\" frameborder=\"0\" allow=\"accelerometer; autoplay; clipboard-write; encrypted-media; gyroscope; picture-in-picture; web-share\" referrerpolicy=\"strict-origin-when-cross-origin\" allowfullscreen><\/iframe><\/p>\n","protected":false},"excerpt":{"rendered":"<p>Na noite desta ter\u00e7a-feira, um carro pegou fogo na Travessa Almerindo Pires, localizada no Centro do munic\u00edpio de Potiragu\u00e1. A r\u00e1pida a\u00e7\u00e3o conjunta das cidades vizinhas evitou que o incidente tomasse propor\u00e7\u00f5es maiores. O pr\u00e9-candidato a prefeito de Potiragu\u00e1, Maur\u00edcio Portugal, solicitou apoio ao prefeito da cidade vizinha, Itarantim. Em uma demonstra\u00e7\u00e3o clara de parceria e amizade, o prefeito de Itarantim enviou imediatamente um caminh\u00e3o-pipa e uma equipe de bombeiros civis para auxiliar no combate ao inc\u00eandio. A colabora\u00e7\u00e3o entre os dois pol\u00edticos, ambos do partido PSD, foi crucial para controlar a situa\u00e7\u00e3o rapidamente. Essa a\u00e7\u00e3o conjunta refor\u00e7a a alian\u00e7a [&hellip;]<\/p>\n","protected":false},"author":4,"featured_media":164418,"comment_status":"open","ping_status":"open","sticky":false,"template":"","format":"standard","meta":[],"categories":[306],"tags":[1424,1780,548,385,437],"_links":{"self":[{"href":"https:\/\/www.cronicasdeitarantim.com.br\/v1\/wp-json\/wp\/v2\/posts\/164417"}],"collection":[{"href":"https:\/\/www.cronicasdeitarantim.com.br\/v1\/wp-json\/wp\/v2\/posts"}],"about":[{"href":"https:\/\/www.cronicasdeitarantim.com.br\/v1\/wp-json\/wp\/v2\/types\/post"}],"author":[{"embeddable":true,"href":"https:\/\/www.cronicasdeitarantim.com.br\/v1\/wp-json\/wp\/v2\/users\/4"}],"replies":[{"embeddable":true,"href":"https:\/\/www.cronicasdeitarantim.com.br\/v1\/wp-json\/wp\/v2\/comments?post=164417"}],"version-history":[{"count":5,"href":"https:\/\/www.cronicasdeitarantim.com.br\/v1\/wp-json\/wp\/v2\/posts\/164417\/revisions"}],"predecessor-version":[{"id":164423,"href":"https:\/\/www.cronicasdeitarantim.com.br\/v1\/wp-json\/wp\/v2\/posts\/164417\/revisions\/164423"}],"wp:featuredmedia":[{"embeddable":true,"href":"https:\/\/www.cronicasdeitarantim.com.br\/v1\/wp-json\/wp\/v2\/media\/164418"}],"wp:attachment":[{"href":"https:\/\/www.cronicasdeitarantim.com.br\/v1\/wp-json\/wp\/v2\/media?parent=164417"}],"wp:term":[{"taxonomy":"category","embeddable":true,"href":"https:\/\/www.cronicasdeitarantim.com.br\/v1\/wp-json\/wp\/v2\/categories?post=164417"},{"taxonomy":"post_tag","embeddable":true,"href":"https:\/\/www.cronicasdeitarantim.com.br\/v1\/wp-json\/wp\/v2\/tags?post=164417"}],"curies":[{"name":"wp","href":"https:\/\/api.w.org\/{rel}","templated":true}]}}