{"id":164388,"date":"2024-06-16T18:08:00","date_gmt":"2024-06-16T21:08:00","guid":{"rendered":"https:\/\/www.cronicasdeitarantim.com.br\/v1\/?p=164388"},"modified":"2024-06-16T18:15:59","modified_gmt":"2024-06-16T21:15:59","slug":"itarantim-policia-militar-presente-na-festa-de-78-anos-do-municipio-levando-seguranca","status":"publish","type":"post","link":"https:\/\/www.cronicasdeitarantim.com.br\/v1\/2024\/06\/16\/itarantim-policia-militar-presente-na-festa-de-78-anos-do-municipio-levando-seguranca\/","title":{"rendered":"Itarantim: Pol\u00edcia Militar presente na festa de 78 anos do munic\u00edpio levando seguran\u00e7a"},"content":{"rendered":"<h3>A festa de 78 anos de funda\u00e7\u00e3o da cidade de Itarantim que come\u00e7ou na \u00faltima quinta-feira (13) e termina neste domingo (16) tem se destacado pela seguran\u00e7a total da Pol\u00edcia Militar, a A 8\u00aaCIPM, deixando o foli\u00e3o mais tranquilo para curtir a festa que marca o calend\u00e1rio da cidade como uma das maiores da regi\u00e3o. Al\u00e9m dos agentes militares, a festa contou tamb\u00e9m com seguran\u00e7a privada e tamb\u00e9m os agentes da Guarda Municipal de Itarantim que nestes quatro dias deu total apoio a Pol\u00edcia Militar na prote\u00e7\u00e3o dos cidad\u00e3os que vieram para curtir a grande festa.<\/h3>\n<p><a href=\"https:\/\/www.cronicasdeitarantim.com.br\/v1\/wp-content\/uploads\/2024\/06\/IMG-20240616-WA1634_compress43.jpg\"><img decoding=\"async\" loading=\"lazy\" class=\"alignnone size-full wp-image-164375\" src=\"https:\/\/www.cronicasdeitarantim.com.br\/v1\/wp-content\/uploads\/2024\/06\/IMG-20240616-WA1634_compress43.jpg\" alt=\"\" width=\"730\" height=\"486\" srcset=\"https:\/\/www.cronicasdeitarantim.com.br\/v1\/wp-content\/uploads\/2024\/06\/IMG-20240616-WA1634_compress43.jpg 730w, https:\/\/www.cronicasdeitarantim.com.br\/v1\/wp-content\/uploads\/2024\/06\/IMG-20240616-WA1634_compress43-300x200.jpg 300w, https:\/\/www.cronicasdeitarantim.com.br\/v1\/wp-content\/uploads\/2024\/06\/IMG-20240616-WA1634_compress43-400x266.jpg 400w\" sizes=\"(max-width: 730px) 100vw, 730px\" \/><\/a> <a href=\"https:\/\/www.cronicasdeitarantim.com.br\/v1\/wp-content\/uploads\/2024\/06\/IMG-20240616-WA1635_compress28.jpg\"><img decoding=\"async\" loading=\"lazy\" class=\"alignnone size-full wp-image-164374\" src=\"https:\/\/www.cronicasdeitarantim.com.br\/v1\/wp-content\/uploads\/2024\/06\/IMG-20240616-WA1635_compress28.jpg\" alt=\"\" width=\"730\" height=\"486\" srcset=\"https:\/\/www.cronicasdeitarantim.com.br\/v1\/wp-content\/uploads\/2024\/06\/IMG-20240616-WA1635_compress28.jpg 730w, https:\/\/www.cronicasdeitarantim.com.br\/v1\/wp-content\/uploads\/2024\/06\/IMG-20240616-WA1635_compress28-300x200.jpg 300w, https:\/\/www.cronicasdeitarantim.com.br\/v1\/wp-content\/uploads\/2024\/06\/IMG-20240616-WA1635_compress28-400x266.jpg 400w\" sizes=\"(max-width: 730px) 100vw, 730px\" \/><\/a><\/p>\n<p><a href=\"https:\/\/www.cronicasdeitarantim.com.br\/v1\/wp-content\/uploads\/2024\/06\/IMG-20240616-WA1645_compress55.jpg\"><img decoding=\"async\" loading=\"lazy\" class=\"alignnone size-full wp-image-164364\" src=\"https:\/\/www.cronicasdeitarantim.com.br\/v1\/wp-content\/uploads\/2024\/06\/IMG-20240616-WA1645_compress55.jpg\" alt=\"\" width=\"730\" height=\"486\" \/><\/a> <a href=\"https:\/\/www.cronicasdeitarantim.com.br\/v1\/wp-content\/uploads\/2024\/06\/IMG-20240616-WA1652_compress41.jpg\"><img decoding=\"async\" loading=\"lazy\" class=\"alignnone size-full wp-image-164318\" src=\"https:\/\/www.cronicasdeitarantim.com.br\/v1\/wp-content\/uploads\/2024\/06\/IMG-20240616-WA1652_compress41.jpg\" alt=\"\" width=\"730\" height=\"486\" \/><\/a> <a href=\"https:\/\/www.cronicasdeitarantim.com.br\/v1\/wp-content\/uploads\/2024\/06\/IMG-20240616-WA1692_compress37.jpg\"><img decoding=\"async\" loading=\"lazy\" class=\"alignnone size-full wp-image-164305\" src=\"https:\/\/www.cronicasdeitarantim.com.br\/v1\/wp-content\/uploads\/2024\/06\/IMG-20240616-WA1692_compress37.jpg\" alt=\"\" width=\"730\" height=\"486\" \/><\/a><\/p>\n<div><\/div>\n","protected":false},"excerpt":{"rendered":"<p>A festa de 78 anos de funda\u00e7\u00e3o da cidade de Itarantim que come\u00e7ou na \u00faltima quinta-feira (13) e termina neste domingo (16) tem se destacado pela seguran\u00e7a total da Pol\u00edcia Militar, a A 8\u00aaCIPM, deixando o foli\u00e3o mais tranquilo para curtir a festa que marca o calend\u00e1rio da cidade como uma das maiores da regi\u00e3o. Al\u00e9m dos agentes militares, a festa contou tamb\u00e9m com seguran\u00e7a privada e tamb\u00e9m os agentes da Guarda Municipal de Itarantim que nestes quatro dias deu total apoio a Pol\u00edcia Militar na prote\u00e7\u00e3o dos cidad\u00e3os que vieram para curtir a grande festa.<\/p>\n","protected":false},"author":4,"featured_media":164379,"comment_status":"open","ping_status":"open","sticky":false,"template":"","format":"standard","meta":[],"categories":[14],"tags":[1780,1067,2845,385,1656],"_links":{"self":[{"href":"https:\/\/www.cronicasdeitarantim.com.br\/v1\/wp-json\/wp\/v2\/posts\/164388"}],"collection":[{"href":"https:\/\/www.cronicasdeitarantim.com.br\/v1\/wp-json\/wp\/v2\/posts"}],"about":[{"href":"https:\/\/www.cronicasdeitarantim.com.br\/v1\/wp-json\/wp\/v2\/types\/post"}],"author":[{"embeddable":true,"href":"https:\/\/www.cronicasdeitarantim.com.br\/v1\/wp-json\/wp\/v2\/users\/4"}],"replies":[{"embeddable":true,"href":"https:\/\/www.cronicasdeitarantim.com.br\/v1\/wp-json\/wp\/v2\/comments?post=164388"}],"version-history":[{"count":3,"href":"https:\/\/www.cronicasdeitarantim.com.br\/v1\/wp-json\/wp\/v2\/posts\/164388\/revisions"}],"predecessor-version":[{"id":164391,"href":"https:\/\/www.cronicasdeitarantim.com.br\/v1\/wp-json\/wp\/v2\/posts\/164388\/revisions\/164391"}],"wp:featuredmedia":[{"embeddable":true,"href":"https:\/\/www.cronicasdeitarantim.com.br\/v1\/wp-json\/wp\/v2\/media\/164379"}],"wp:attachment":[{"href":"https:\/\/www.cronicasdeitarantim.com.br\/v1\/wp-json\/wp\/v2\/media?parent=164388"}],"wp:term":[{"taxonomy":"category","embeddable":true,"href":"https:\/\/www.cronicasdeitarantim.com.br\/v1\/wp-json\/wp\/v2\/categories?post=164388"},{"taxonomy":"post_tag","embeddable":true,"href":"https:\/\/www.cronicasdeitarantim.com.br\/v1\/wp-json\/wp\/v2\/tags?post=164388"}],"curies":[{"name":"wp","href":"https:\/\/api.w.org\/{rel}","templated":true}]}}