{"id":164075,"date":"2024-06-10T13:21:03","date_gmt":"2024-06-10T16:21:03","guid":{"rendered":"https:\/\/www.cronicasdeitarantim.com.br\/v1\/?p=164075"},"modified":"2024-06-10T13:21:03","modified_gmt":"2024-06-10T16:21:03","slug":"potiragua-lixo-nas-ruas-do-distrito-de-itaimbe-coreia-mostra-descaso-ambiental","status":"publish","type":"post","link":"https:\/\/www.cronicasdeitarantim.com.br\/v1\/2024\/06\/10\/potiragua-lixo-nas-ruas-do-distrito-de-itaimbe-coreia-mostra-descaso-ambiental\/","title":{"rendered":"Potiragu\u00e1: Lixo nas ruas do distrito de Itaimb\u00e9\/Coreia mostra descaso ambiental"},"content":{"rendered":"<p>A gest\u00e3o do atual prefeito Jorge Cheles e seu ex-secret\u00e1rio de Meio Ambiente e pr\u00e9-candidato a prefeito, Elias Carvalho, vem sofrendo uma diversidade de cr\u00edticas ap\u00f3s moradores do distrito de Itaimb\u00e9\/Coreia divulgar v\u00eddeo mostrando o descarte de lixo a menos de dez metros das casas na regi\u00e3o da Baixada, no distrito.<\/p>\n<p>No v\u00eddeo, \u00e9 poss\u00edvel ver a verdadeira calamidade que os moradores locais est\u00e3o enfrentando. Montanhas de lixo acumuladas t\u00e3o pr\u00f3ximas das resid\u00eancias que os habitantes s\u00e3o obrigados a conviver com urubus, ratos e um odor insuport\u00e1vel, tornando a vida na regi\u00e3o um pesadelo di\u00e1rio.<\/p>\n<p>&#8220;\u00c9 um absurdo completo,&#8221; disse um dos moradores que preferiu n\u00e3o se identificar. &#8220;Estamos sendo tratados como cidad\u00e3os de segunda classe. Eles jogam o lixo aqui, e n\u00f3s temos que suportar o mau cheiro, os ratos e os urubus.&#8221;<\/p>\n<p>A den\u00fancia \u00e9 uma grave acusa\u00e7\u00e3o contra a gest\u00e3o de Jorge Cheles e Elias Carvalho, que, segundo os moradores, t\u00eam negligenciado o bem-estar e a sa\u00fade p\u00fablica da comunidade de Itaimb\u00e9. A falta de uma gest\u00e3o adequada dos res\u00edduos s\u00f3lidos est\u00e1 transformando a \u00e1rea em um ponto cr\u00edtico de insalubridade e risco para a sa\u00fade dos habitantes.<\/p>\n<p>Elias Carvalho, que j\u00e1 foi respons\u00e1vel pelo Meio Ambiente e agora \u00e9 pr\u00e9-candidato \u00e0 prefeitura, tem evitado comentar sobre o caso, mas sua omiss\u00e3o sobre o tema j\u00e1 fala sobre seu comprometimento com quest\u00f5es ambientais e de sa\u00fade p\u00fablica que durante sua estadia na pasta pouco foi feito ou quase nada.<\/p>\n<p>&#8220;\u00c9 inaceit\u00e1vel que em pleno s\u00e9culo 21, ainda tenhamos que lidar com uma gest\u00e3o t\u00e3o negligente. O poder p\u00fablico deveria garantir condi\u00e7\u00f5es m\u00ednimas de higiene e sa\u00fade, mas o que vemos aqui \u00e9 um total descaso,&#8221; comenta outra moradora indignada.<\/p>\n<p>O v\u00eddeo circula nas redes sociais, gerando revolta, e muitos esperam que as autoridades tomem medidas urgentes para resolver esta situa\u00e7\u00e3o deplor\u00e1vel. A comunidade de Itaimb\u00e9 exige respostas e a\u00e7\u00f5es imediatas, temendo que a exposi\u00e7\u00e3o cont\u00ednua ao lixo possa resultar em surtos de doen\u00e7as e outras complica\u00e7\u00f5es de sa\u00fade graves.<\/p>\n<p>Enquanto isso, os moradores continuam a viver em condi\u00e7\u00f5es prec\u00e1rias, aguardando que o prefeito Jorge Cheles e o ex-secret\u00e1rio Elias Carvalho assumam a responsabilidade e ajam de acordo com o que \u00e9 esperado de l\u00edderes que deveriam zelar pelo bem-estar de sua popula\u00e7\u00e3o.<\/p>\n<p>Esta den\u00fancia \u00e9 um chamado \u00e0 a\u00e7\u00e3o, n\u00e3o s\u00f3 para a atual gest\u00e3o, mas para todos os que buscam um cargo p\u00fablico: \u00e9 hora de mostrar que a sa\u00fade e a dignidade das pessoas v\u00eam em primeiro lugar. A comunidade de Itaimb\u00e9 merece respeito e um ambiente limpo e seguro para viver.<\/p>\n<blockquote class=\"twitter-tweet\" data-width=\"550\" data-dnt=\"true\">\n<p lang=\"pt\" dir=\"ltr\">Descaso no distrito de Itaimb\u00e9\/Coreia com lixo nas ruas e falta de manuten\u00e7\u00e3o pela Prefeitura <a href=\"https:\/\/t.co\/veW6CdS3Rs\">pic.twitter.com\/veW6CdS3Rs<\/a><\/p>\n<p>&mdash; Cr\u00f4nicas de Itarantim (@CItarantim) <a href=\"https:\/\/twitter.com\/CItarantim\/status\/1800201406797992207?ref_src=twsrc%5Etfw\">June 10, 2024<\/a><\/p><\/blockquote>\n<p><script async src=\"https:\/\/platform.twitter.com\/widgets.js\" charset=\"utf-8\"><\/script><\/p>\n","protected":false},"excerpt":{"rendered":"<p>A gest\u00e3o do atual prefeito Jorge Cheles e seu ex-secret\u00e1rio de Meio Ambiente e pr\u00e9-candidato a prefeito, Elias Carvalho, vem sofrendo uma diversidade de cr\u00edticas ap\u00f3s moradores do distrito de Itaimb\u00e9\/Coreia divulgar v\u00eddeo mostrando o descarte de lixo a menos de dez metros das casas na regi\u00e3o da Baixada, no distrito. No v\u00eddeo, \u00e9 poss\u00edvel ver a verdadeira calamidade que os moradores locais est\u00e3o enfrentando. Montanhas de lixo acumuladas t\u00e3o pr\u00f3ximas das resid\u00eancias que os habitantes s\u00e3o obrigados a conviver com urubus, ratos e um odor insuport\u00e1vel, tornando a vida na regi\u00e3o um pesadelo di\u00e1rio. &#8220;\u00c9 um absurdo completo,&#8221; disse [&hellip;]<\/p>\n","protected":false},"author":4,"featured_media":164076,"comment_status":"open","ping_status":"open","sticky":false,"template":"","format":"standard","meta":[],"categories":[362],"tags":[1780,1531,497,437,1158],"_links":{"self":[{"href":"https:\/\/www.cronicasdeitarantim.com.br\/v1\/wp-json\/wp\/v2\/posts\/164075"}],"collection":[{"href":"https:\/\/www.cronicasdeitarantim.com.br\/v1\/wp-json\/wp\/v2\/posts"}],"about":[{"href":"https:\/\/www.cronicasdeitarantim.com.br\/v1\/wp-json\/wp\/v2\/types\/post"}],"author":[{"embeddable":true,"href":"https:\/\/www.cronicasdeitarantim.com.br\/v1\/wp-json\/wp\/v2\/users\/4"}],"replies":[{"embeddable":true,"href":"https:\/\/www.cronicasdeitarantim.com.br\/v1\/wp-json\/wp\/v2\/comments?post=164075"}],"version-history":[{"count":1,"href":"https:\/\/www.cronicasdeitarantim.com.br\/v1\/wp-json\/wp\/v2\/posts\/164075\/revisions"}],"predecessor-version":[{"id":164077,"href":"https:\/\/www.cronicasdeitarantim.com.br\/v1\/wp-json\/wp\/v2\/posts\/164075\/revisions\/164077"}],"wp:featuredmedia":[{"embeddable":true,"href":"https:\/\/www.cronicasdeitarantim.com.br\/v1\/wp-json\/wp\/v2\/media\/164076"}],"wp:attachment":[{"href":"https:\/\/www.cronicasdeitarantim.com.br\/v1\/wp-json\/wp\/v2\/media?parent=164075"}],"wp:term":[{"taxonomy":"category","embeddable":true,"href":"https:\/\/www.cronicasdeitarantim.com.br\/v1\/wp-json\/wp\/v2\/categories?post=164075"},{"taxonomy":"post_tag","embeddable":true,"href":"https:\/\/www.cronicasdeitarantim.com.br\/v1\/wp-json\/wp\/v2\/tags?post=164075"}],"curies":[{"name":"wp","href":"https:\/\/api.w.org\/{rel}","templated":true}]}}