{"id":163860,"date":"2024-05-31T10:50:54","date_gmt":"2024-05-31T13:50:54","guid":{"rendered":"https:\/\/www.cronicasdeitarantim.com.br\/v1\/?p=163860"},"modified":"2024-05-31T11:03:29","modified_gmt":"2024-05-31T14:03:29","slug":"religiao-em-itarantim-comunidade-catolica-celebrou-a-solenidade-de-corpus-christi-nesta-quinta-feira","status":"publish","type":"post","link":"https:\/\/www.cronicasdeitarantim.com.br\/v1\/2024\/05\/31\/religiao-em-itarantim-comunidade-catolica-celebrou-a-solenidade-de-corpus-christi-nesta-quinta-feira\/","title":{"rendered":"Religi\u00e3o: Em Itarantim comunidade cat\u00f3lica celebrou a Solenidade de Corpus Christi nesta quinta-feira"},"content":{"rendered":"<h4>A comunidade cat\u00f3lica celebrou nesta quinta-feira (30) a Solenidade de Corpus Christi (Corpo de Cristo), evento que celebra o sacramento do Corpo e Sangue de Cristo, representados pelo p\u00e3o e vinho de forma simb\u00f3lica, para recordar a \u00faltima ceia de Jesus com os ap\u00f3stolos.<\/h4>\n<h4>A celebra\u00e7\u00e3o tem como tradi\u00e7\u00e3o a prociss\u00e3o com o sant\u00edssimo e a decora\u00e7\u00e3o com os tapetes que s\u00e3o enfeitados pelas ruas com s\u00edmbolos que representam de forma lit\u00fargica elementos da igreja.<\/h4>\n<div class=\"gmail-mc-column gmail-content-text gmail-active-extra-styles\">\n<h4 class=\"gmail-content-text__container\">A tradi\u00e7\u00e3o dos tapetes coloridos teve origem, segundo estudos teol\u00f3gicos, em Portugal e foram trazidos para o Brasil durante a coloniza\u00e7\u00e3o. Para a Igreja Cat\u00f3lica, os tapetes simbolizam a acolhida de Jesus em Jerusal\u00e9m, quando as pessoas cobriram as ruas de ramos e mantos para a passagem do Messias.<\/h4>\n<\/div>\n<h4 class=\"gmail-content-ads gmail-content-ads--reveal\">Em Itarantim a celebra\u00e7\u00e3o aconteceu na Igreja Matriz de Santo Ant\u00f4nio e logo ap\u00f3s saiu em prociss\u00e3o por algumas ruas da cidade com o padre aben\u00e7oando aqueles que estavam nas portas vendo a prociss\u00e3o passar.<\/h4>\n<h4>Nossa reportagem esteve acompanhando a celebra\u00e7\u00e3o desta quinta-feira na Igreja Matriz de Itarantim e momentos da prociss\u00e3o que percorreu algumas ruas, clique no link e confira galeria de fotos. Confira:<\/h4>\n<p><iframe loading=\"lazy\" title=\"Tapetes s\u00e3o decorados em frente Igreja de Santo Ant\u00f4nio em Itarantim para celebrar Corpus Christi\" width=\"1200\" height=\"675\" src=\"https:\/\/www.youtube.com\/embed\/onJdKVN6A3w?feature=oembed\" frameborder=\"0\" allow=\"accelerometer; autoplay; clipboard-write; encrypted-media; gyroscope; picture-in-picture; web-share\" referrerpolicy=\"strict-origin-when-cross-origin\" allowfullscreen><\/iframe><\/p>\n<p><iframe loading=\"lazy\" title=\"Em Itarantim Igreja Cat\u00f3lica celebra Solenidade de Corpus Christi\" width=\"1200\" height=\"900\" src=\"https:\/\/www.youtube.com\/embed\/eaaBMdAoC1A?feature=oembed\" frameborder=\"0\" allow=\"accelerometer; autoplay; clipboard-write; encrypted-media; gyroscope; picture-in-picture; web-share\" referrerpolicy=\"strict-origin-when-cross-origin\" allowfullscreen><\/iframe><\/p>\n<div>\n\n\t\t<style type=\"text\/css\">\n\t\t\t#gallery-1 {\n\t\t\t\tmargin: auto;\n\t\t\t}\n\t\t\t#gallery-1 .gallery-item {\n\t\t\t\tfloat: left;\n\t\t\t\tmargin-top: 10px;\n\t\t\t\ttext-align: center;\n\t\t\t\twidth: 33%;\n\t\t\t}\n\t\t\t#gallery-1 img {\n\t\t\t\tborder: 2px solid #cfcfcf;\n\t\t\t}\n\t\t\t#gallery-1 .gallery-caption {\n\t\t\t\tmargin-left: 0;\n\t\t\t}\n\t\t\t\/* see gallery_shortcode() in wp-includes\/media.php *\/\n\t\t<\/style>\n\t\t<div id='gallery-1' class='gallery galleryid-163860 gallery-columns-3 gallery-size-thumbnail'><dl class='gallery-item'>\n\t\t\t<dt class='gallery-icon landscape'>\n\t\t\t\t<a href='https:\/\/www.cronicasdeitarantim.com.br\/v1\/img_20240530_192216_compress78\/'><img width=\"150\" height=\"150\" src=\"https:\/\/www.cronicasdeitarantim.com.br\/v1\/wp-content\/uploads\/2024\/05\/IMG_20240530_192216_compress78-150x150.jpg\" class=\"attachment-thumbnail size-thumbnail\" alt=\"\" decoding=\"async\" loading=\"lazy\" srcset=\"https:\/\/www.cronicasdeitarantim.com.br\/v1\/wp-content\/uploads\/2024\/05\/IMG_20240530_192216_compress78-150x150.jpg 150w, https:\/\/www.cronicasdeitarantim.com.br\/v1\/wp-content\/uploads\/2024\/05\/IMG_20240530_192216_compress78-130x130.jpg 130w\" sizes=\"(max-width: 150px) 100vw, 150px\" \/><\/a>\n\t\t\t<\/dt><\/dl><dl class='gallery-item'>\n\t\t\t<dt class='gallery-icon landscape'>\n\t\t\t\t<a href='https:\/\/www.cronicasdeitarantim.com.br\/v1\/img_20240530_211421_compress29\/'><img width=\"150\" height=\"150\" src=\"https:\/\/www.cronicasdeitarantim.com.br\/v1\/wp-content\/uploads\/2024\/05\/IMG_20240530_211421_compress29-150x150.jpg\" class=\"attachment-thumbnail size-thumbnail\" alt=\"\" decoding=\"async\" loading=\"lazy\" srcset=\"https:\/\/www.cronicasdeitarantim.com.br\/v1\/wp-content\/uploads\/2024\/05\/IMG_20240530_211421_compress29-150x150.jpg 150w, https:\/\/www.cronicasdeitarantim.com.br\/v1\/wp-content\/uploads\/2024\/05\/IMG_20240530_211421_compress29-130x130.jpg 130w\" sizes=\"(max-width: 150px) 100vw, 150px\" \/><\/a>\n\t\t\t<\/dt><\/dl>\n\t\t\t<br style='clear: both' \/>\n\t\t<\/div>\n\n<\/div>\n<div><\/div>\n<div><\/div>\n<div><\/div>\n<div><\/div>\n<div><\/div>\n<div><\/div>\n<div><\/div>\n<div><\/div>\n","protected":false},"excerpt":{"rendered":"<p>A comunidade cat\u00f3lica celebrou nesta quinta-feira (30) a Solenidade de Corpus Christi (Corpo de Cristo), evento que celebra o sacramento do Corpo e Sangue de Cristo, representados pelo p\u00e3o e vinho de forma simb\u00f3lica, para recordar a \u00faltima ceia de Jesus com os ap\u00f3stolos. A celebra\u00e7\u00e3o tem como tradi\u00e7\u00e3o a prociss\u00e3o com o sant\u00edssimo e a decora\u00e7\u00e3o com os tapetes que s\u00e3o enfeitados pelas ruas com s\u00edmbolos que representam de forma lit\u00fargica elementos da igreja. A tradi\u00e7\u00e3o dos tapetes coloridos teve origem, segundo estudos teol\u00f3gicos, em Portugal e foram trazidos para o Brasil durante a coloniza\u00e7\u00e3o. Para a Igreja Cat\u00f3lica, [&hellip;]<\/p>\n","protected":false},"author":4,"featured_media":0,"comment_status":"open","ping_status":"open","sticky":false,"template":"","format":"standard","meta":[],"categories":[310],"tags":[2482,2822,1780,368,385,1778,412],"_links":{"self":[{"href":"https:\/\/www.cronicasdeitarantim.com.br\/v1\/wp-json\/wp\/v2\/posts\/163860"}],"collection":[{"href":"https:\/\/www.cronicasdeitarantim.com.br\/v1\/wp-json\/wp\/v2\/posts"}],"about":[{"href":"https:\/\/www.cronicasdeitarantim.com.br\/v1\/wp-json\/wp\/v2\/types\/post"}],"author":[{"embeddable":true,"href":"https:\/\/www.cronicasdeitarantim.com.br\/v1\/wp-json\/wp\/v2\/users\/4"}],"replies":[{"embeddable":true,"href":"https:\/\/www.cronicasdeitarantim.com.br\/v1\/wp-json\/wp\/v2\/comments?post=163860"}],"version-history":[{"count":7,"href":"https:\/\/www.cronicasdeitarantim.com.br\/v1\/wp-json\/wp\/v2\/posts\/163860\/revisions"}],"predecessor-version":[{"id":163904,"href":"https:\/\/www.cronicasdeitarantim.com.br\/v1\/wp-json\/wp\/v2\/posts\/163860\/revisions\/163904"}],"wp:attachment":[{"href":"https:\/\/www.cronicasdeitarantim.com.br\/v1\/wp-json\/wp\/v2\/media?parent=163860"}],"wp:term":[{"taxonomy":"category","embeddable":true,"href":"https:\/\/www.cronicasdeitarantim.com.br\/v1\/wp-json\/wp\/v2\/categories?post=163860"},{"taxonomy":"post_tag","embeddable":true,"href":"https:\/\/www.cronicasdeitarantim.com.br\/v1\/wp-json\/wp\/v2\/tags?post=163860"}],"curies":[{"name":"wp","href":"https:\/\/api.w.org\/{rel}","templated":true}]}}