{"id":163838,"date":"2024-05-29T15:32:54","date_gmt":"2024-05-29T18:32:54","guid":{"rendered":"https:\/\/www.cronicasdeitarantim.com.br\/v1\/?p=163838"},"modified":"2024-05-29T15:38:37","modified_gmt":"2024-05-29T18:38:37","slug":"itarantim-camara-de-vereadores-realiza-sessao-itinerante-na-agua-vermelha-confira-momentos","status":"publish","type":"post","link":"https:\/\/www.cronicasdeitarantim.com.br\/v1\/2024\/05\/29\/itarantim-camara-de-vereadores-realiza-sessao-itinerante-na-agua-vermelha-confira-momentos\/","title":{"rendered":"Itarantim: C\u00e2mara de Vereadores realiza sess\u00e3o itinerante na \u00c1gua Vermelha, confira momentos"},"content":{"rendered":"<h4>A C\u00e2mara de Vereadores de Itarantim, realizou nesta ter\u00e7a-feira (28) sess\u00e3o itinerante na comunidade rural da \u00c1gua Vermelha. A sess\u00e3o aconteceu na escola Rural Isaias Moreira e contou com a maioria dos vereadores presentes, com exce\u00e7\u00e3o do vereador Diu Serrador.<\/h4>\n<h4>Al\u00e9m disso, a comunidade local participou de forma direta da sess\u00e3o, com um representante da comunidade, Bruno, usando a tribuna livre. O jovem ressaltou a comunidade e a import\u00e2ncia no desenvolvimento econ\u00f4mico do munic\u00edpio. Para Bruno a realiza\u00e7\u00e3o da sess\u00e3o na comunidade \u00e9 um momento importante para a comunidade compreender e se aproximar mais dos representantes do povo, ele ainda ressaltou o desenvolvimento da comunidade e a import\u00e2ncia de vereadores que no passado representaram no legislativo a \u00c1gua Vermelha.<\/h4>\n<h4>Tamb\u00e9m participou da sess\u00e3o o ex-presidente do legislativo, o ex-vereador Piri, que tamb\u00e9m usou a tribuna e relembrou de momentos importantes no passado da comunidade, uma delas foi a vinda da energia para a \u00c1gua Vermelha, que na \u00e9poca era uma demanda da comunidade que acabara ser realizado com o esfor\u00e7o de muita gente que ele relembrou.<\/h4>\n<h4>Para o presidente da C\u00e2mara, o vereador Zeza Gigante, a sess\u00e3o itinerante \u00e9 o momento de aproxima\u00e7\u00e3o da popula\u00e7\u00e3o com seu vereador que \u00e9 o representante direto do povo. Para o presidente, este \u00e9 o momento da escuta, momento de escutar a comunidade e levar as demandas para serem sanadas.<\/h4>\n<h4>A maioria dos vereadores que usaram a tribuna livre ressaltaram a comunidade como uma pot\u00eancia econ\u00f4mica para Itarantim. S\u00f3 lembrando, a comunidade de \u00c1gua Vermelha \u00e9 uma das maiores produtoras de cacha\u00e7a da regi\u00e3o, produzindo por dia um volume grande da aguardente e o produto \u00e9 vendido em toda Bahia.<\/h4>\n<h4>Tamb\u00e9m \u00e9 uma grande produtora de hortali\u00e7as, farinha e biscoitos que s\u00e3o comercializados na cidade e muitos destes derivados s\u00e3o tamb\u00e9m fornecidos para a Prefeitura para a alimenta\u00e7\u00e3o escolar.<\/h4>\n<h4>A participa\u00e7\u00e3o da comunidade local e a presen\u00e7a dos vereadores, mostra um compromisso com a representa\u00e7\u00e3o e a escuta das demandas populares.<\/h4>\n<h4>\u00c9 \u00f3timo ver que a popula\u00e7\u00e3o teve a oportunidade de se expressar por meio do representante, que enfatizou a import\u00e2ncia da comunidade no desenvolvimento econ\u00f4mico do munic\u00edpio. Al\u00e9m disso, a presen\u00e7a do ex-presidente do legislativo, o ex-vereador Piri, trouxe mem\u00f3rias importantes do passado da comunidade.<\/h4>\n<h4>A iniciativa de realizar sess\u00f5es itinerantes como forma de aproximar os vereadores da popula\u00e7\u00e3o \u00e9 louv\u00e1vel. O presidente da C\u00e2mara, vereador Zeza Gigante, destacou a import\u00e2ncia desse momento de escuta e intera\u00e7\u00e3o com a comunidade para identificar e resolver as demandas locais.<\/h4>\n<h4>\u00c9 interessante deixar registrado que a comunidade da \u00c1gua Vermelha \u00e9 uma importante produtora de cacha\u00e7a, hortali\u00e7as, farinha e biscoitos, que t\u00eam impacto n\u00e3o apenas localmente, mas tamb\u00e9m na cidade e at\u00e9 mesmo no fornecimento para a Prefeitura.<\/h4>\n<h4>A previs\u00e3o de mais sess\u00f5es itinerantes para outras regi\u00f5es demonstra um compromisso cont\u00ednuo em ouvir e atender as necessidades das diversas comunidades do munic\u00edpio.<\/h4>\n<h4>De acordo com as informa\u00e7\u00f5es do presidente da C\u00e2mara, ainda este ano haver\u00e1 mais umas duas ou tr\u00eas sess\u00f5es itinerantes. Uma delas \u00e9 para o distrito de Ribeir\u00e3o do Salto, mas tamb\u00e9m tem sess\u00e3o confirmada para a regi\u00e3o do Mandim.<\/h4>\n<h4>Confira entrevistas com os vereadores e galeria de fotos:<\/h4>\n<p><iframe loading=\"lazy\" title=\"Itarantim: C\u00e2mara de Vereadores realiza sess\u00e3o itinerante na \u00c1gua Vermelha, confira momentos\" width=\"1200\" height=\"675\" src=\"https:\/\/www.youtube.com\/embed\/0XeEZNmovV0?feature=oembed\" frameborder=\"0\" allow=\"accelerometer; autoplay; clipboard-write; encrypted-media; gyroscope; picture-in-picture; web-share\" referrerpolicy=\"strict-origin-when-cross-origin\" allowfullscreen><\/iframe><\/p>\n\n\t\t<style type=\"text\/css\">\n\t\t\t#gallery-1 {\n\t\t\t\tmargin: auto;\n\t\t\t}\n\t\t\t#gallery-1 .gallery-item {\n\t\t\t\tfloat: left;\n\t\t\t\tmargin-top: 10px;\n\t\t\t\ttext-align: center;\n\t\t\t\twidth: 33%;\n\t\t\t}\n\t\t\t#gallery-1 img {\n\t\t\t\tborder: 2px solid #cfcfcf;\n\t\t\t}\n\t\t\t#gallery-1 .gallery-caption {\n\t\t\t\tmargin-left: 0;\n\t\t\t}\n\t\t\t\/* see gallery_shortcode() in wp-includes\/media.php *\/\n\t\t<\/style>\n\t\t<div id='gallery-1' class='gallery galleryid-163838 gallery-columns-3 gallery-size-thumbnail'><dl class='gallery-item'>\n\t\t\t<dt class='gallery-icon landscape'>\n\t\t\t\t<a href='https:\/\/www.cronicasdeitarantim.com.br\/v1\/img_20240528_222952_compress65\/'><img width=\"150\" height=\"150\" src=\"https:\/\/www.cronicasdeitarantim.com.br\/v1\/wp-content\/uploads\/2024\/05\/IMG_20240528_222952_compress65-150x150.jpg\" class=\"attachment-thumbnail size-thumbnail\" alt=\"\" decoding=\"async\" loading=\"lazy\" srcset=\"https:\/\/www.cronicasdeitarantim.com.br\/v1\/wp-content\/uploads\/2024\/05\/IMG_20240528_222952_compress65-150x150.jpg 150w, https:\/\/www.cronicasdeitarantim.com.br\/v1\/wp-content\/uploads\/2024\/05\/IMG_20240528_222952_compress65-130x130.jpg 130w\" sizes=\"(max-width: 150px) 100vw, 150px\" \/><\/a>\n\t\t\t<\/dt><\/dl><dl class='gallery-item'>\n\t\t\t<dt class='gallery-icon landscape'>\n\t\t\t\t<a href='https:\/\/www.cronicasdeitarantim.com.br\/v1\/img-20240529-wa0816_compress69\/'><img width=\"150\" height=\"150\" src=\"https:\/\/www.cronicasdeitarantim.com.br\/v1\/wp-content\/uploads\/2024\/05\/IMG-20240529-WA0816_compress69-150x150.jpg\" class=\"attachment-thumbnail size-thumbnail\" alt=\"\" decoding=\"async\" loading=\"lazy\" srcset=\"https:\/\/www.cronicasdeitarantim.com.br\/v1\/wp-content\/uploads\/2024\/05\/IMG-20240529-WA0816_compress69-150x150.jpg 150w, https:\/\/www.cronicasdeitarantim.com.br\/v1\/wp-content\/uploads\/2024\/05\/IMG-20240529-WA0816_compress69-130x130.jpg 130w\" sizes=\"(max-width: 150px) 100vw, 150px\" \/><\/a>\n\t\t\t<\/dt><\/dl>\n\t\t\t<br style='clear: both' \/>\n\t\t<\/div>\n\n<p>&nbsp;<\/p>\n","protected":false},"excerpt":{"rendered":"<p>A C\u00e2mara de Vereadores de Itarantim, realizou nesta ter\u00e7a-feira (28) sess\u00e3o itinerante na comunidade rural da \u00c1gua Vermelha. A sess\u00e3o aconteceu na escola Rural Isaias Moreira e contou com a maioria dos vereadores presentes, com exce\u00e7\u00e3o do vereador Diu Serrador. Al\u00e9m disso, a comunidade local participou de forma direta da sess\u00e3o, com um representante da comunidade, Bruno, usando a tribuna livre. O jovem ressaltou a comunidade e a import\u00e2ncia no desenvolvimento econ\u00f4mico do munic\u00edpio. Para Bruno a realiza\u00e7\u00e3o da sess\u00e3o na comunidade \u00e9 um momento importante para a comunidade compreender e se aproximar mais dos representantes do povo, ele ainda [&hellip;]<\/p>\n","protected":false},"author":4,"featured_media":0,"comment_status":"open","ping_status":"open","sticky":false,"template":"","format":"standard","meta":[],"categories":[14],"tags":[2637,356,1780,1680,2820,1872],"_links":{"self":[{"href":"https:\/\/www.cronicasdeitarantim.com.br\/v1\/wp-json\/wp\/v2\/posts\/163838"}],"collection":[{"href":"https:\/\/www.cronicasdeitarantim.com.br\/v1\/wp-json\/wp\/v2\/posts"}],"about":[{"href":"https:\/\/www.cronicasdeitarantim.com.br\/v1\/wp-json\/wp\/v2\/types\/post"}],"author":[{"embeddable":true,"href":"https:\/\/www.cronicasdeitarantim.com.br\/v1\/wp-json\/wp\/v2\/users\/4"}],"replies":[{"embeddable":true,"href":"https:\/\/www.cronicasdeitarantim.com.br\/v1\/wp-json\/wp\/v2\/comments?post=163838"}],"version-history":[{"count":3,"href":"https:\/\/www.cronicasdeitarantim.com.br\/v1\/wp-json\/wp\/v2\/posts\/163838\/revisions"}],"predecessor-version":[{"id":163844,"href":"https:\/\/www.cronicasdeitarantim.com.br\/v1\/wp-json\/wp\/v2\/posts\/163838\/revisions\/163844"}],"wp:attachment":[{"href":"https:\/\/www.cronicasdeitarantim.com.br\/v1\/wp-json\/wp\/v2\/media?parent=163838"}],"wp:term":[{"taxonomy":"category","embeddable":true,"href":"https:\/\/www.cronicasdeitarantim.com.br\/v1\/wp-json\/wp\/v2\/categories?post=163838"},{"taxonomy":"post_tag","embeddable":true,"href":"https:\/\/www.cronicasdeitarantim.com.br\/v1\/wp-json\/wp\/v2\/tags?post=163838"}],"curies":[{"name":"wp","href":"https:\/\/api.w.org\/{rel}","templated":true}]}}