{"id":163771,"date":"2024-05-28T13:56:46","date_gmt":"2024-05-28T16:56:46","guid":{"rendered":"https:\/\/www.cronicasdeitarantim.com.br\/v1\/?p=163771"},"modified":"2024-05-28T13:56:46","modified_gmt":"2024-05-28T16:56:46","slug":"itarantim-camara-de-vereadores-realizara-sessao-itinerante-na-agua-vermelha-nesta-terca-feira","status":"publish","type":"post","link":"https:\/\/www.cronicasdeitarantim.com.br\/v1\/2024\/05\/28\/itarantim-camara-de-vereadores-realizara-sessao-itinerante-na-agua-vermelha-nesta-terca-feira\/","title":{"rendered":"Itarantim: C\u00e2mara de Vereadores realizar\u00e1 sess\u00e3o itinerante na \u00c1gua Vermelha nesta ter\u00e7a-feira"},"content":{"rendered":"<div id=\":r9\" class=\"Ar Au Ao\">\n<div id=\":r5\" class=\"Am aiL Al editable LW-avf tS-tW tS-tY\" tabindex=\"1\" role=\"textbox\" contenteditable=\"true\" spellcheck=\"false\" aria-label=\"Corpo da mensagem\" aria-multiline=\"true\" aria-owns=\":tj\" aria-controls=\":tj\" aria-expanded=\"false\">\n<h3>A C\u00e2mara de Vereadores de Itarantim realizar\u00e1 nesta ter\u00e7a-feira (28) sess\u00e3o itinerante na zona rural da \u00c1gua Vermelha. O objetivo da sess\u00e3o itinerante \u00e9 levar os trabalhos do legislativo at\u00e9 o povo aproximando os vereadores que s\u00e3o os representantes do povo para debater os assuntos e os problemas da comunidade local.<\/h3>\n<h3>A C\u00e2mara no ano anterior j\u00e1 havia realizado v\u00e1rias sess\u00f5es nos bairros da cidade com a participa\u00e7\u00e3o popular e segundo o vereador presidente da casa, a ideia \u00e9 aproximar o legislativo do povo que \u00e0s vezes muita gente n\u00e3o tem o tempo de se deslocar para acompanhar uma sess\u00e3o.<\/h3>\n<h3>Foram realizadas no ano de 2023 quatro sess\u00f5es nos bairros de Itarantim. A programa\u00e7\u00e3o j\u00e1 era um projeto do presidente desde que assumiu a mesa diretora da casa, indo at\u00e9 onde o povo est\u00e1.<\/h3>\n<h3>A sess\u00e3o itinerante acontecer\u00e1 no col\u00e9gio Isaias Moreira com previs\u00e3o para come\u00e7ar \u00e0s 18:30 e os vereadores convidam toda a comunidade da \u00c1gua Vermelha para se fazer presente e participar de forma direta dos debates que ser\u00e3o discutidos nesta noite de ter\u00e7a-feira.<\/h3>\n<\/div>\n<\/div>\n","protected":false},"excerpt":{"rendered":"<p>A C\u00e2mara de Vereadores de Itarantim realizar\u00e1 nesta ter\u00e7a-feira (28) sess\u00e3o itinerante na zona rural da \u00c1gua Vermelha. O objetivo da sess\u00e3o itinerante \u00e9 levar os trabalhos do legislativo at\u00e9 o povo aproximando os vereadores que s\u00e3o os representantes do povo para debater os assuntos e os problemas da comunidade local. A C\u00e2mara no ano anterior j\u00e1 havia realizado v\u00e1rias sess\u00f5es nos bairros da cidade com a participa\u00e7\u00e3o popular e segundo o vereador presidente da casa, a ideia \u00e9 aproximar o legislativo do povo que \u00e0s vezes muita gente n\u00e3o tem o tempo de se deslocar para acompanhar uma sess\u00e3o. [&hellip;]<\/p>\n","protected":false},"author":4,"featured_media":162515,"comment_status":"open","ping_status":"open","sticky":false,"template":"","format":"standard","meta":[],"categories":[304],"tags":[719,1780,385,2816,440,1359,806],"_links":{"self":[{"href":"https:\/\/www.cronicasdeitarantim.com.br\/v1\/wp-json\/wp\/v2\/posts\/163771"}],"collection":[{"href":"https:\/\/www.cronicasdeitarantim.com.br\/v1\/wp-json\/wp\/v2\/posts"}],"about":[{"href":"https:\/\/www.cronicasdeitarantim.com.br\/v1\/wp-json\/wp\/v2\/types\/post"}],"author":[{"embeddable":true,"href":"https:\/\/www.cronicasdeitarantim.com.br\/v1\/wp-json\/wp\/v2\/users\/4"}],"replies":[{"embeddable":true,"href":"https:\/\/www.cronicasdeitarantim.com.br\/v1\/wp-json\/wp\/v2\/comments?post=163771"}],"version-history":[{"count":1,"href":"https:\/\/www.cronicasdeitarantim.com.br\/v1\/wp-json\/wp\/v2\/posts\/163771\/revisions"}],"predecessor-version":[{"id":163772,"href":"https:\/\/www.cronicasdeitarantim.com.br\/v1\/wp-json\/wp\/v2\/posts\/163771\/revisions\/163772"}],"wp:featuredmedia":[{"embeddable":true,"href":"https:\/\/www.cronicasdeitarantim.com.br\/v1\/wp-json\/wp\/v2\/media\/162515"}],"wp:attachment":[{"href":"https:\/\/www.cronicasdeitarantim.com.br\/v1\/wp-json\/wp\/v2\/media?parent=163771"}],"wp:term":[{"taxonomy":"category","embeddable":true,"href":"https:\/\/www.cronicasdeitarantim.com.br\/v1\/wp-json\/wp\/v2\/categories?post=163771"},{"taxonomy":"post_tag","embeddable":true,"href":"https:\/\/www.cronicasdeitarantim.com.br\/v1\/wp-json\/wp\/v2\/tags?post=163771"}],"curies":[{"name":"wp","href":"https:\/\/api.w.org\/{rel}","templated":true}]}}