{"id":163741,"date":"2024-05-26T14:12:38","date_gmt":"2024-05-26T17:12:38","guid":{"rendered":"https:\/\/www.cronicasdeitarantim.com.br\/v1\/?p=163741"},"modified":"2024-05-26T14:12:38","modified_gmt":"2024-05-26T17:12:38","slug":"potiragua-onibus-vazios-que-foram-para-aniversario-de-neto-carleto-exibem-a-fraqueza-do-grupo-de-elias-carvalho","status":"publish","type":"post","link":"https:\/\/www.cronicasdeitarantim.com.br\/v1\/2024\/05\/26\/potiragua-onibus-vazios-que-foram-para-aniversario-de-neto-carleto-exibem-a-fraqueza-do-grupo-de-elias-carvalho\/","title":{"rendered":"Potiragu\u00e1: \u00d4nibus vazios que foram para anivers\u00e1rio de Neto Carleto, exibem a fraqueza do grupo de Elias Carvalho"},"content":{"rendered":"<p>Neste s\u00e1bado (25), o pr\u00e9-candidato apoiado pelo prefeito Jorge Cheles, fez um apelo \u00e0 popula\u00e7\u00e3o e aos contratados para comparecerem ao anivers\u00e1rio do deputado federal Neto Carleto. A expectativa era de uma grande mobiliza\u00e7\u00e3o, mas a realidade foi um verdadeiro fiasco. Imagens flagradas dos \u00f4nibus por pulares e enviadas para nossa reda\u00e7\u00e3o estacionados na sede e nos distritos mostram o evidente desinteresse: mais de tr\u00eas \u00f4nibus quase vazios, transportando pouco mais de dez pessoas.<\/p>\n<p>Esse epis\u00f3dio escancara a falta de interesse da popula\u00e7\u00e3o pelo pr\u00e9-candidato e a fragilidade do grupo pol\u00edtico liderado pelo prefeito Jorge Cheles. A tentativa de reunir apoiadores em um evento festivo resultou em uma demonstra\u00e7\u00e3o p\u00fablica de desorganiza\u00e7\u00e3o e falta de apoio popular. A baixa ades\u00e3o reflete a perda de confian\u00e7a e a insatisfa\u00e7\u00e3o da popula\u00e7\u00e3o com a atual administra\u00e7\u00e3o.<\/p>\n<p><a href=\"https:\/\/www.cronicasdeitarantim.com.br\/v1\/wp-content\/uploads\/2024\/05\/441867226_1928425034241402_4034447325913030033_n.jpg\"><img decoding=\"async\" loading=\"lazy\" class=\"wp-image-163743 alignleft\" src=\"https:\/\/www.cronicasdeitarantim.com.br\/v1\/wp-content\/uploads\/2024\/05\/441867226_1928425034241402_4034447325913030033_n.jpg\" alt=\"\" width=\"373\" height=\"240\" srcset=\"https:\/\/www.cronicasdeitarantim.com.br\/v1\/wp-content\/uploads\/2024\/05\/441867226_1928425034241402_4034447325913030033_n.jpg 730w, https:\/\/www.cronicasdeitarantim.com.br\/v1\/wp-content\/uploads\/2024\/05\/441867226_1928425034241402_4034447325913030033_n-300x193.jpg 300w, https:\/\/www.cronicasdeitarantim.com.br\/v1\/wp-content\/uploads\/2024\/05\/441867226_1928425034241402_4034447325913030033_n-400x257.jpg 400w\" sizes=\"(max-width: 373px) 100vw, 373px\" \/><\/a><\/p>\n<p>Enquanto isso, a oposi\u00e7\u00e3o observa atentamente, ciente de que esses sinais de enfraquecimento podem ser cruciais para as pr\u00f3ximas elei\u00e7\u00f5es. A aus\u00eancia de p\u00fablico n\u00e3o s\u00f3 marca um ponto negativo para Elias e Jorge Cheles, mas tamb\u00e9m serve de alerta para a necessidade de estrat\u00e9gias mais eficazes e de um verdadeiro engajamento com a comunidade.<\/p>\n<p>Isso \u00e9 um reflexo de quase oito anos de administra\u00e7\u00e3o que nada mudou na cidade em termos de estruturas para os que mais necessitam.<\/p>\n<p>&nbsp;<\/p>\n","protected":false},"excerpt":{"rendered":"<p>Neste s\u00e1bado (25), o pr\u00e9-candidato apoiado pelo prefeito Jorge Cheles, fez um apelo \u00e0 popula\u00e7\u00e3o e aos contratados para comparecerem ao anivers\u00e1rio do deputado federal Neto Carleto. A expectativa era de uma grande mobiliza\u00e7\u00e3o, mas a realidade foi um verdadeiro fiasco. Imagens flagradas dos \u00f4nibus por pulares e enviadas para nossa reda\u00e7\u00e3o estacionados na sede e nos distritos mostram o evidente desinteresse: mais de tr\u00eas \u00f4nibus quase vazios, transportando pouco mais de dez pessoas. Esse epis\u00f3dio escancara a falta de interesse da popula\u00e7\u00e3o pelo pr\u00e9-candidato e a fragilidade do grupo pol\u00edtico liderado pelo prefeito Jorge Cheles. A tentativa de reunir [&hellip;]<\/p>\n","protected":false},"author":4,"featured_media":163742,"comment_status":"open","ping_status":"open","sticky":false,"template":"","format":"standard","meta":[],"categories":[304],"tags":[1780,1772,628,438,437],"_links":{"self":[{"href":"https:\/\/www.cronicasdeitarantim.com.br\/v1\/wp-json\/wp\/v2\/posts\/163741"}],"collection":[{"href":"https:\/\/www.cronicasdeitarantim.com.br\/v1\/wp-json\/wp\/v2\/posts"}],"about":[{"href":"https:\/\/www.cronicasdeitarantim.com.br\/v1\/wp-json\/wp\/v2\/types\/post"}],"author":[{"embeddable":true,"href":"https:\/\/www.cronicasdeitarantim.com.br\/v1\/wp-json\/wp\/v2\/users\/4"}],"replies":[{"embeddable":true,"href":"https:\/\/www.cronicasdeitarantim.com.br\/v1\/wp-json\/wp\/v2\/comments?post=163741"}],"version-history":[{"count":1,"href":"https:\/\/www.cronicasdeitarantim.com.br\/v1\/wp-json\/wp\/v2\/posts\/163741\/revisions"}],"predecessor-version":[{"id":163744,"href":"https:\/\/www.cronicasdeitarantim.com.br\/v1\/wp-json\/wp\/v2\/posts\/163741\/revisions\/163744"}],"wp:featuredmedia":[{"embeddable":true,"href":"https:\/\/www.cronicasdeitarantim.com.br\/v1\/wp-json\/wp\/v2\/media\/163742"}],"wp:attachment":[{"href":"https:\/\/www.cronicasdeitarantim.com.br\/v1\/wp-json\/wp\/v2\/media?parent=163741"}],"wp:term":[{"taxonomy":"category","embeddable":true,"href":"https:\/\/www.cronicasdeitarantim.com.br\/v1\/wp-json\/wp\/v2\/categories?post=163741"},{"taxonomy":"post_tag","embeddable":true,"href":"https:\/\/www.cronicasdeitarantim.com.br\/v1\/wp-json\/wp\/v2\/tags?post=163741"}],"curies":[{"name":"wp","href":"https:\/\/api.w.org\/{rel}","templated":true}]}}