{"id":163734,"date":"2024-05-26T02:49:10","date_gmt":"2024-05-26T05:49:10","guid":{"rendered":"https:\/\/www.cronicasdeitarantim.com.br\/v1\/?p=163734"},"modified":"2024-05-26T02:49:10","modified_gmt":"2024-05-26T05:49:10","slug":"fib-grade-completa-do-festival-de-inverno-bahia-e-anunciada-em-evento-solidario","status":"publish","type":"post","link":"https:\/\/www.cronicasdeitarantim.com.br\/v1\/2024\/05\/26\/fib-grade-completa-do-festival-de-inverno-bahia-e-anunciada-em-evento-solidario\/","title":{"rendered":"FIB: Grade completa do Festival de Inverno Bahia \u00e9 anunciada em evento solid\u00e1rio"},"content":{"rendered":"<p dir=\"ltr\">O p\u00fablico de Vit\u00f3ria da Conquista conheceu em primeira m\u00e3o as quatro novas atra\u00e7\u00f5es que v\u00e3o compor a grade do Festival de Inverno Bahia 2024. O an\u00fancio foi feito durante a realiza\u00e7\u00e3o do Esquenta FIB &#8211; evento solid\u00e1rio que vai apoiar as fam\u00edlias ga\u00fachas e conquistenses com a doa\u00e7\u00e3o de alimentos n\u00e3o-perec\u00edveis.<\/p>\n<p>No dia 23 de agosto, tr\u00eas vozes v\u00e3o se unir para cantar grandes sucessos no palco do FIB24. De um lado, a do\u00e7ura e leveza de Ana Caetano e Vit\u00f3ria Falc\u00e3o, o duo ANAVIT\u00d3RIA, que conquistou o mundo com um talento \u00fanico e diferenciado. Do outro, a eleg\u00e2ncia e experi\u00eancia de Nando Reis, que h\u00e1 mais de 40 anos \u00e9 refer\u00eancia e parte importante da hist\u00f3ria da m\u00fasica brasileira.<\/p>\n<p>Quem tamb\u00e9m chega ao Parque Teopompo de Almeida, no primeiro dia do festival \u00e9 o cantor Xand Avi\u00e3o. Com 22 anos de carreira, ele \u00e9 um dos maiores expoentes da m\u00fasica brasileira. O cantor coleciona lan\u00e7amentos e sucessos, al\u00e9m de contar com mais de 7 milh\u00f5es de ouvintes mensais s\u00f3 no Spotify e mais de 2 bilh\u00f5es de visualiza\u00e7\u00f5es no Youtube. Nas redes sociais, s\u00e3o mais de 17 milh\u00f5es de seguidores.<\/p>\n<p>Para os amantes do sertanejo, as donas dos hits \u201cMedo Bobo\u201d, \u201cA Culpa \u00e9 Nossa\u201d e \u201cNarcisista\u201d v\u00e3o embalar a noite de s\u00e1bado do festival. Maiara e Maraisa cantam desde os cinco anos de idade, mas s\u00f3 em 2016 foram reconhecidas como o fen\u00f4meno que s\u00e3o tanto de p\u00fablico quanto nas redes sociais. Juntas, s\u00e3o uma das duplas mais ouvidas e influentes do pa\u00eds e se apresentam no dia 24 de agosto.<\/p>\n<p>O timbre de voz inconfund\u00edvel de Seu Jorge vai embalar a \u00faltima noite do Festival de Inverno Bahia 2024. Com 26 anos de carreira, o cantor, compositor, ator, diretor e multi-instrumentista de MPB, samba e soul conquistou milhares de f\u00e3s. Em 2023, ele foi o primeiro condecorado com o t\u00edtulo de Embaixador da Cultura Brasileira pelo MinC.<\/p>\n<p>Os ingressos j\u00e1 podem ser adquiridos pelo Sympla ou nos pontos de venda fixos, em Vit\u00f3ria da Conquista: Boulevard Shopping (loja DMK DUO), Central de Ingressos (Shopping Conquista Sul e Galeria Panvicon), Banca Central (Pra\u00e7a Bar\u00e3o do Rio Branco), Loja Taco (Av. Ol\u00edvia Flores, 686).<\/p>\n<p dir=\"ltr\">A produ\u00e7\u00e3o do Festival de Inverno Bahia \u00e9 assinada pela Bahia Eventos, empresa de entretenimento da Rede Bahia, em parceria com a TV Sudoeste.<\/p>\n<p dir=\"ltr\">SERVI\u00c7O<\/p>\n<p dir=\"ltr\">Festival de Inverno Bahia 2024<\/p>\n<p dir=\"ltr\">Quando: 23 a 25\/08\/2024<\/p>\n<p dir=\"ltr\">Onde:\u00a0Parque de Exposi\u00e7\u00f5es Teopompo de Almeida, em Vit\u00f3ria da Conquista &#8211; BA<\/p>\n<p dir=\"ltr\">Classifica\u00e7\u00e3o:\u00a014 anos, sendo que com idade inferior \u00e9 permitida a entrada desde que acompanhados dos pais, dos respons\u00e1veis legais (desde que demonstrem esta condi\u00e7\u00e3o por meio de instrumento legal) ou na companhia de pessoa maior que possua autoriza\u00e7\u00e3o expressa feita pelo pai, m\u00e3e ou respons\u00e1vel legal, por meio de documento particular com firma reconhecida em cart\u00f3rio;<\/p>\n<p dir=\"ltr\">Meia-entrada:\u00a0Al\u00e9m de estudantes, outros segmentos t\u00eam direito \u00e0 meia-entrada, segundo a lei 12.933\/2013. Em ambos os casos, \u00e9 obrigat\u00f3ria a apresenta\u00e7\u00e3o de documentos comprobat\u00f3rios. Para mais informa\u00e7\u00f5es, acesse\u00a0<a href=\"https:\/\/bileto.sympla.com.br\/meia-entrada\/bahia.html\" target=\"_blank\" rel=\"noopener noreferrer\" data-saferedirecturl=\"https:\/\/www.google.com\/url?q=https:\/\/bileto.sympla.com.br\/meia-entrada\/bahia.html&amp;source=gmail&amp;ust=1716785840934000&amp;usg=AOvVaw1Osn2tM0-crQhGMtEwy1zr\">https:\/\/bileto.sympla.com.br\/<wbr \/>meia-entrada\/bahia.html<\/a><\/p>\n<p dir=\"ltr\">Vendas:\u00a0Sympla<\/p>\n<p dir=\"ltr\">Pontos de venda fixos (Vit\u00f3ria da Conquista):<\/p>\n<p dir=\"ltr\">\u00a0Boulevard Shopping (loja DMK DUO), Central de Ingressos (Shopping Conquista Sul e Galeria Panvicon), Banca Central (Pra\u00e7a Bar\u00e3o do Rio Branco), Loja Taco (Av. Ol\u00edvia Flores, 686).<\/p>\n<p dir=\"ltr\"><b>Atra\u00e7\u00f5es:<\/b><\/p>\n<p dir=\"ltr\"><i>Sexta (23 de Agosto)<\/i><\/p>\n<ul>\n<li dir=\"ltr\">\n<p dir=\"ltr\" role=\"presentation\">Nando Reis e Anavit\u00f3ria<\/p>\n<\/li>\n<li dir=\"ltr\">\n<p dir=\"ltr\" role=\"presentation\">S\u00f3 Pra Contrariar &#8211; Ac\u00fastico<\/p>\n<\/li>\n<li dir=\"ltr\">\n<p dir=\"ltr\" role=\"presentation\">Xand Avi\u00e3o<\/p>\n<\/li>\n<\/ul>\n<p dir=\"ltr\"><i>S\u00e1bado (24 de Agosto)<\/i><\/p>\n<ul>\n<li dir=\"ltr\">\n<p dir=\"ltr\" role=\"presentation\">Menos \u00e9 Mais<\/p>\n<\/li>\n<li dir=\"ltr\">\n<p dir=\"ltr\" role=\"presentation\">Samuel Rosa<\/p>\n<\/li>\n<li dir=\"ltr\">\n<p dir=\"ltr\" role=\"presentation\">Filhos de Jorge<\/p>\n<\/li>\n<li dir=\"ltr\">\n<p dir=\"ltr\" role=\"presentation\">Maiara e Maraisa<\/p>\n<\/li>\n<\/ul>\n<p dir=\"ltr\"><i>Domingo (25 de Agosto)<\/i><\/p>\n<ul>\n<li>\n<p role=\"presentation\">Ana Castela<\/p>\n<\/li>\n<li>\n<p role=\"presentation\">J\u00e3o<\/p>\n<\/li>\n<li>\n<p role=\"presentation\">Seu Jorge<\/p>\n<\/li>\n<\/ul>\n","protected":false},"excerpt":{"rendered":"<p>O p\u00fablico de Vit\u00f3ria da Conquista conheceu em primeira m\u00e3o as quatro novas atra\u00e7\u00f5es que v\u00e3o compor a grade do Festival de Inverno Bahia 2024. O an\u00fancio foi feito durante a realiza\u00e7\u00e3o do Esquenta FIB &#8211; evento solid\u00e1rio que vai apoiar as fam\u00edlias ga\u00fachas e conquistenses com a doa\u00e7\u00e3o de alimentos n\u00e3o-perec\u00edveis. No dia 23 de agosto, tr\u00eas vozes v\u00e3o se unir para cantar grandes sucessos no palco do FIB24. De um lado, a do\u00e7ura e leveza de Ana Caetano e Vit\u00f3ria Falc\u00e3o, o duo ANAVIT\u00d3RIA, que conquistou o mundo com um talento \u00fanico e diferenciado. Do outro, a eleg\u00e2ncia [&hellip;]<\/p>\n","protected":false},"author":4,"featured_media":163737,"comment_status":"open","ping_status":"open","sticky":false,"template":"","format":"standard","meta":[],"categories":[538],"tags":[76,1780,2306,447],"_links":{"self":[{"href":"https:\/\/www.cronicasdeitarantim.com.br\/v1\/wp-json\/wp\/v2\/posts\/163734"}],"collection":[{"href":"https:\/\/www.cronicasdeitarantim.com.br\/v1\/wp-json\/wp\/v2\/posts"}],"about":[{"href":"https:\/\/www.cronicasdeitarantim.com.br\/v1\/wp-json\/wp\/v2\/types\/post"}],"author":[{"embeddable":true,"href":"https:\/\/www.cronicasdeitarantim.com.br\/v1\/wp-json\/wp\/v2\/users\/4"}],"replies":[{"embeddable":true,"href":"https:\/\/www.cronicasdeitarantim.com.br\/v1\/wp-json\/wp\/v2\/comments?post=163734"}],"version-history":[{"count":2,"href":"https:\/\/www.cronicasdeitarantim.com.br\/v1\/wp-json\/wp\/v2\/posts\/163734\/revisions"}],"predecessor-version":[{"id":163736,"href":"https:\/\/www.cronicasdeitarantim.com.br\/v1\/wp-json\/wp\/v2\/posts\/163734\/revisions\/163736"}],"wp:featuredmedia":[{"embeddable":true,"href":"https:\/\/www.cronicasdeitarantim.com.br\/v1\/wp-json\/wp\/v2\/media\/163737"}],"wp:attachment":[{"href":"https:\/\/www.cronicasdeitarantim.com.br\/v1\/wp-json\/wp\/v2\/media?parent=163734"}],"wp:term":[{"taxonomy":"category","embeddable":true,"href":"https:\/\/www.cronicasdeitarantim.com.br\/v1\/wp-json\/wp\/v2\/categories?post=163734"},{"taxonomy":"post_tag","embeddable":true,"href":"https:\/\/www.cronicasdeitarantim.com.br\/v1\/wp-json\/wp\/v2\/tags?post=163734"}],"curies":[{"name":"wp","href":"https:\/\/api.w.org\/{rel}","templated":true}]}}