{"id":163694,"date":"2024-05-22T23:03:11","date_gmt":"2024-05-23T02:03:11","guid":{"rendered":"https:\/\/www.cronicasdeitarantim.com.br\/v1\/?p=163694"},"modified":"2024-05-22T23:03:11","modified_gmt":"2024-05-23T02:03:11","slug":"itarantim-presidente-da-camara-denuncia-que-alguns-guardas-municipais-que-usam-motos-nao-tem-habilitacao","status":"publish","type":"post","link":"https:\/\/www.cronicasdeitarantim.com.br\/v1\/2024\/05\/22\/itarantim-presidente-da-camara-denuncia-que-alguns-guardas-municipais-que-usam-motos-nao-tem-habilitacao\/","title":{"rendered":"Itarantim: Presidente da C\u00e2mara denuncia que alguns Guardas Municipais que usam motos n\u00e3o t\u00eam habilita\u00e7\u00e3o"},"content":{"rendered":"<h4>O presidente da C\u00e2mara de Vereadores de Itarantim, Zeza Gigante, afirmou na Sess\u00e3o Ordin\u00e1ria desta ter\u00e7a-feira (21) que alguns Guardas Municipais que trabalham utilizando as motos na cidade, n\u00e3o t\u00eam habilita\u00e7\u00e3o para pilotar os ve\u00edculos.<\/h4>\n<h4>A den\u00fancia j\u00e1 havia sido feita por alguns populares da cidade, inclusive alguns nomes foram enviados para nossa reda\u00e7\u00e3o de alguns agentes que possivelmente n\u00e3o tem habilita\u00e7\u00e3o e est\u00e3o trabalhando com as motocicletas.<\/h4>\n<h4>Para o vereador que foi enf\u00e1tico, ele afirmou que o grande respons\u00e1vel por esses agentes estarem irregulares, \u00e9 do comandante da institui\u00e7\u00e3o que autoriza. Zeza ainda fez a pergunta; como algu\u00e9m que est\u00e1 cometendo irregularidade quer corrigir quem anda errado tentando aplicar a lei?<\/h4>\n<h4>O site deixa o espa\u00e7o aberto para qualquer manifesta\u00e7\u00e3o e explica\u00e7\u00e3o dos Agentes de Seguran\u00e7a.<\/h4>\n<h4>Ou\u00e7a o que disse o vereador:<\/h4>\n<p><iframe loading=\"lazy\" title=\"Itarantim: Presidente da C\u00e2mara denuncia que alguns Guardas Municipais sem habilita\u00e7\u00e3o by Cr\u00f4nicas de Itarantim\" width=\"1200\" height=\"400\" scrolling=\"no\" frameborder=\"no\" src=\"https:\/\/w.soundcloud.com\/player\/?visual=true&#038;url=https%3A%2F%2Fapi.soundcloud.com%2Ftracks%2F1828174602&#038;show_artwork=true&#038;maxheight=1000&#038;maxwidth=1200\"><\/iframe><\/p>\n","protected":false},"excerpt":{"rendered":"<p>O presidente da C\u00e2mara de Vereadores de Itarantim, Zeza Gigante, afirmou na Sess\u00e3o Ordin\u00e1ria desta ter\u00e7a-feira (21) que alguns Guardas Municipais que trabalham utilizando as motos na cidade, n\u00e3o t\u00eam habilita\u00e7\u00e3o para pilotar os ve\u00edculos. A den\u00fancia j\u00e1 havia sido feita por alguns populares da cidade, inclusive alguns nomes foram enviados para nossa reda\u00e7\u00e3o de alguns agentes que possivelmente n\u00e3o tem habilita\u00e7\u00e3o e est\u00e3o trabalhando com as motocicletas. Para o vereador que foi enf\u00e1tico, ele afirmou que o grande respons\u00e1vel por esses agentes estarem irregulares, \u00e9 do comandante da institui\u00e7\u00e3o que autoriza. Zeza ainda fez a pergunta; como algu\u00e9m que [&hellip;]<\/p>\n","protected":false},"author":4,"featured_media":162725,"comment_status":"open","ping_status":"open","sticky":false,"template":"","format":"standard","meta":[],"categories":[304],"tags":[1780,2805,2806,385,2675,591],"_links":{"self":[{"href":"https:\/\/www.cronicasdeitarantim.com.br\/v1\/wp-json\/wp\/v2\/posts\/163694"}],"collection":[{"href":"https:\/\/www.cronicasdeitarantim.com.br\/v1\/wp-json\/wp\/v2\/posts"}],"about":[{"href":"https:\/\/www.cronicasdeitarantim.com.br\/v1\/wp-json\/wp\/v2\/types\/post"}],"author":[{"embeddable":true,"href":"https:\/\/www.cronicasdeitarantim.com.br\/v1\/wp-json\/wp\/v2\/users\/4"}],"replies":[{"embeddable":true,"href":"https:\/\/www.cronicasdeitarantim.com.br\/v1\/wp-json\/wp\/v2\/comments?post=163694"}],"version-history":[{"count":1,"href":"https:\/\/www.cronicasdeitarantim.com.br\/v1\/wp-json\/wp\/v2\/posts\/163694\/revisions"}],"predecessor-version":[{"id":163695,"href":"https:\/\/www.cronicasdeitarantim.com.br\/v1\/wp-json\/wp\/v2\/posts\/163694\/revisions\/163695"}],"wp:featuredmedia":[{"embeddable":true,"href":"https:\/\/www.cronicasdeitarantim.com.br\/v1\/wp-json\/wp\/v2\/media\/162725"}],"wp:attachment":[{"href":"https:\/\/www.cronicasdeitarantim.com.br\/v1\/wp-json\/wp\/v2\/media?parent=163694"}],"wp:term":[{"taxonomy":"category","embeddable":true,"href":"https:\/\/www.cronicasdeitarantim.com.br\/v1\/wp-json\/wp\/v2\/categories?post=163694"},{"taxonomy":"post_tag","embeddable":true,"href":"https:\/\/www.cronicasdeitarantim.com.br\/v1\/wp-json\/wp\/v2\/tags?post=163694"}],"curies":[{"name":"wp","href":"https:\/\/api.w.org\/{rel}","templated":true}]}}