{"id":163682,"date":"2024-05-22T16:57:42","date_gmt":"2024-05-22T19:57:42","guid":{"rendered":"https:\/\/www.cronicasdeitarantim.com.br\/v1\/?p=163682"},"modified":"2024-05-22T16:57:57","modified_gmt":"2024-05-22T19:57:57","slug":"porto-seguro-chefe-de-umas-das-maiores-faccoes-criminosas-do-brasil-e-preso-no-extremo-sul","status":"publish","type":"post","link":"https:\/\/www.cronicasdeitarantim.com.br\/v1\/2024\/05\/22\/porto-seguro-chefe-de-umas-das-maiores-faccoes-criminosas-do-brasil-e-preso-no-extremo-sul\/","title":{"rendered":"Porto Seguro: Chefe de umas das maiores fac\u00e7\u00f5es criminosas do Brasil \u00e9 preso no extremo sul"},"content":{"rendered":"<div id=\"chunk-5tf28\">\n<div class=\"mc-column content-text active-extra-styles \" data-block-type=\"unstyled\" data-block-weight=\"39\" data-block-id=\"2\">\n<h4 class=\" content-text__container \" data-track-category=\"Link no Texto\" data-mrf-recirculation=\"Article links\">Um homem apontado como um dos principais chefe de umas das maiores organiza\u00e7\u00f5es criminosas do Brasil foi preso em flagrante na noite de ter\u00e7a-feira (21), na cidade de\u00a0Porto Seguro, no extremo sul da Bahia, durante a &#8220;Opera\u00e7\u00e3o Camale\u00f3n&#8221;, como informou o g1.<\/h4>\n<\/div>\n<\/div>\n<div class=\"wall protected-content\">\n<div id=\"chunk-cc5j2\">\n<div class=\"mc-column content-text active-extra-styles \" data-block-type=\"unstyled\" data-block-weight=\"10\" data-block-id=\"4\">\n<div class=\"mc-column content-text active-extra-styles \" data-block-type=\"unstyled\" data-block-weight=\"48\" data-block-id=\"5\">\n<h4 class=\" content-text__container \" data-track-category=\"Link no Texto\" data-mrf-recirculation=\"Article links\">Segundo o Minist\u00e9rio P\u00fablico da Bahia (MP-BA), o suspeito, que n\u00e3o teve o nome divulgado,\u00a0<span class=\"highlight highlighted\">era considerado &#8220;alvo priorit\u00e1rio&#8221; da Pol\u00edcia Civil de Minas Gerais<\/span>\u00a0e tinha\u00a0<span class=\"highlight highlighted\">dois mandados de pris\u00e3o por tr\u00e1fico de drogas e associa\u00e7\u00e3o para o tr\u00e1fico em aberto<\/span>, al\u00e9m de\u00a0<span class=\"highlight highlighted\">diversas passagens policiais<\/span>.<\/h4>\n<\/div>\n<div id=\"chunk-1k0i9\">\n<div class=\"mc-column content-text active-extra-styles \" data-block-type=\"unstyled\" data-block-weight=\"53\" data-block-id=\"6\">\n<h4 class=\" content-text__container \" data-track-category=\"Link no Texto\" data-mrf-recirculation=\"Article links\">De acordo com o MP-BA, o suspeito \u00e9 apontado como\u00a0<span class=\"highlight highlighted\">respons\u00e1vel por comandar atividades de uma fac\u00e7\u00e3o criminosa de Morro das Pedras, em Belo Horizonte, capital de Minas Gerais, no Vale do Mucuri, em toda a regi\u00e3o sul da Bahia, al\u00e9m de exercer grande influ\u00eancia na favela da Rocinha, no Rio de Janeiro<\/span>.<\/h4>\n<\/div>\n<\/div>\n<div id=\"chunk-1kmb9\">\n<div class=\"content-ads content-ads--reveal\" data-block-type=\"ads\" data-block-id=\"7\">\n<div id=\"banner_materia2\" class=\"tag-manager-publicidade-container mc-has-reveal mc-has-ad-lazyload tag-manager-publicidade-banner_materia2 tag-manager-publicidade-container--carregado tag-manager-publicidade-container--visivel\" data-id=\"banner_materia2\" data-google-query-id=\"CJycgsGEooYDFWhLuAQdA2EFSg\">\n<div id=\"chunk-9g7f0\">\n<div class=\"mc-column content-text active-extra-styles \" data-block-type=\"unstyled\" data-block-weight=\"45\" data-block-id=\"16\">\n<h4 class=\" content-text__container \" data-track-category=\"Link no Texto\" data-mrf-recirculation=\"Article links\">A &#8220;Opera\u00e7\u00e3o Camale\u00f3n&#8221; foi deflagrada pelo Minist\u00e9rio P\u00fablico estadual, por meio do Grupo de Atua\u00e7\u00e3o Especial de Combate \u00e0s Organiza\u00e7\u00f5es Criminosas do Sul (Gaeco Sul) e pelo Gaeco de Minas Gerais, com apoio da Pol\u00edcia Militar da Bahia (CPR Extremo Sul) e Pol\u00edcia Militar mineira.<\/h4>\n<\/div>\n<\/div>\n<div id=\"chunk-91arv\">\n<div class=\"mc-column content-text active-extra-styles \" data-block-type=\"unstyled\" data-block-weight=\"8\" data-block-id=\"17\"><\/div>\n<\/div>\n<\/div>\n<\/div>\n<\/div>\n<\/div>\n<\/div>\n<\/div>\n","protected":false},"excerpt":{"rendered":"<p>Um homem apontado como um dos principais chefe de umas das maiores organiza\u00e7\u00f5es criminosas do Brasil foi preso em flagrante na noite de ter\u00e7a-feira (21), na cidade de\u00a0Porto Seguro, no extremo sul da Bahia, durante a &#8220;Opera\u00e7\u00e3o Camale\u00f3n&#8221;, como informou o g1. Segundo o Minist\u00e9rio P\u00fablico da Bahia (MP-BA), o suspeito, que n\u00e3o teve o nome divulgado,\u00a0era considerado &#8220;alvo priorit\u00e1rio&#8221; da Pol\u00edcia Civil de Minas Gerais\u00a0e tinha\u00a0dois mandados de pris\u00e3o por tr\u00e1fico de drogas e associa\u00e7\u00e3o para o tr\u00e1fico em aberto, al\u00e9m de\u00a0diversas passagens policiais. De acordo com o MP-BA, o suspeito \u00e9 apontado como\u00a0respons\u00e1vel por comandar atividades de uma [&hellip;]<\/p>\n","protected":false},"author":4,"featured_media":163683,"comment_status":"open","ping_status":"open","sticky":false,"template":"","format":"standard","meta":[],"categories":[306],"tags":[76,766,1780,2331,434,801],"_links":{"self":[{"href":"https:\/\/www.cronicasdeitarantim.com.br\/v1\/wp-json\/wp\/v2\/posts\/163682"}],"collection":[{"href":"https:\/\/www.cronicasdeitarantim.com.br\/v1\/wp-json\/wp\/v2\/posts"}],"about":[{"href":"https:\/\/www.cronicasdeitarantim.com.br\/v1\/wp-json\/wp\/v2\/types\/post"}],"author":[{"embeddable":true,"href":"https:\/\/www.cronicasdeitarantim.com.br\/v1\/wp-json\/wp\/v2\/users\/4"}],"replies":[{"embeddable":true,"href":"https:\/\/www.cronicasdeitarantim.com.br\/v1\/wp-json\/wp\/v2\/comments?post=163682"}],"version-history":[{"count":2,"href":"https:\/\/www.cronicasdeitarantim.com.br\/v1\/wp-json\/wp\/v2\/posts\/163682\/revisions"}],"predecessor-version":[{"id":163685,"href":"https:\/\/www.cronicasdeitarantim.com.br\/v1\/wp-json\/wp\/v2\/posts\/163682\/revisions\/163685"}],"wp:featuredmedia":[{"embeddable":true,"href":"https:\/\/www.cronicasdeitarantim.com.br\/v1\/wp-json\/wp\/v2\/media\/163683"}],"wp:attachment":[{"href":"https:\/\/www.cronicasdeitarantim.com.br\/v1\/wp-json\/wp\/v2\/media?parent=163682"}],"wp:term":[{"taxonomy":"category","embeddable":true,"href":"https:\/\/www.cronicasdeitarantim.com.br\/v1\/wp-json\/wp\/v2\/categories?post=163682"},{"taxonomy":"post_tag","embeddable":true,"href":"https:\/\/www.cronicasdeitarantim.com.br\/v1\/wp-json\/wp\/v2\/tags?post=163682"}],"curies":[{"name":"wp","href":"https:\/\/api.w.org\/{rel}","templated":true}]}}