{"id":163662,"date":"2024-05-21T17:33:04","date_gmt":"2024-05-21T20:33:04","guid":{"rendered":"https:\/\/www.cronicasdeitarantim.com.br\/v1\/?p=163662"},"modified":"2024-05-21T18:40:12","modified_gmt":"2024-05-21T21:40:12","slug":"jordania-mg-presidente-da-camara-de-vereadores-max-sera-pre-candidato-a-prefeito","status":"publish","type":"post","link":"https:\/\/www.cronicasdeitarantim.com.br\/v1\/2024\/05\/21\/jordania-mg-presidente-da-camara-de-vereadores-max-sera-pre-candidato-a-prefeito\/","title":{"rendered":"JORD\u00c2NIA-MG: Presidente da C\u00e2mara de Vereadores, Max, ser\u00e1 pr\u00e9-candidato a prefeito"},"content":{"rendered":"<h4>O presidente da C\u00e2mara de Vereadores da cidade de Jord\u00e2nia, Minas Gerais, Max, ser\u00e1 pr\u00e9-candidato a prefeito no munic\u00edpio que tem pouco mais\u00a0de 10 mil\u00a0habitantes. Max ganhou for\u00e7a popular nos \u00faltimos meses e chega como pr\u00e9-candidato mostrando for\u00e7a junto \u00e0 popula\u00e7\u00e3o de Jord\u00e2nia por conta de seu excelente trabalho como vereador nestes cinco mandatos que exerce no legislativo.<\/h4>\n<h4>Max entrou na pol\u00edtica muito\u00a0 jovem, nos idos de 2004, com o ensejo de uma representa\u00e7\u00e3o jovem no legislativo, entendendo que a pol\u00edtica \u00e9 uma forma de mudar a realidade das pessoas, de sua rua, de seu bairro, da cidade e ser uma voz na comunidade.<\/h4>\n<h4>Max tem uma vasta experi\u00eancia com a vida p\u00fablica, j\u00e1 foi chefe da Aten\u00e7\u00e3o B\u00e1sica no munic\u00edpio, secret\u00e1rio de esporte e um curr\u00edculo ilibado com mais de 20 anos na vida p\u00fablica e j\u00e1 no seu 5\u00aa mandato como legislador sem nenhum um processo em nenhuma inst\u00e2ncia\u00a0da justi\u00e7a<\/h4>\n<h4>Max agora encara um novo desafio que vem de um pedido do povo \u00a0jordanense pela sua atua\u00e7\u00e3o como legislador neste 5\u00aa mandato realizando um bom trabalho.<\/h4>\n<p><a href=\"https:\/\/www.cronicasdeitarantim.com.br\/v1\/wp-content\/uploads\/2024\/05\/442440352_1925379051212667_6948315585755385104_n.jpg\"><img decoding=\"async\" loading=\"lazy\" class=\"size-full wp-image-163665 alignleft\" src=\"https:\/\/www.cronicasdeitarantim.com.br\/v1\/wp-content\/uploads\/2024\/05\/442440352_1925379051212667_6948315585755385104_n.jpg\" alt=\"\" width=\"513\" height=\"720\" srcset=\"https:\/\/www.cronicasdeitarantim.com.br\/v1\/wp-content\/uploads\/2024\/05\/442440352_1925379051212667_6948315585755385104_n.jpg 513w, https:\/\/www.cronicasdeitarantim.com.br\/v1\/wp-content\/uploads\/2024\/05\/442440352_1925379051212667_6948315585755385104_n-214x300.jpg 214w, https:\/\/www.cronicasdeitarantim.com.br\/v1\/wp-content\/uploads\/2024\/05\/442440352_1925379051212667_6948315585755385104_n-400x561.jpg 400w, https:\/\/www.cronicasdeitarantim.com.br\/v1\/wp-content\/uploads\/2024\/05\/442440352_1925379051212667_6948315585755385104_n-428x600.jpg 428w\" sizes=\"(max-width: 513px) 100vw, 513px\" \/><\/a><\/p>\n<h4>A escolha de seu vice, tamb\u00e9m j\u00e1 \u00e9 martelo batido e unanimidade no seu grupo pol\u00edtico, \u00e9 o tamb\u00e9m vereador Cl\u00e1udio Carrapato (foto ao lado) que \u00e9 morador do distrito da Ribeira e traz uma bagagem de experi\u00eancia e prestativos servi\u00e7os na comunidade como vereador.<\/h4>\n<h4>O nome de Max ganhou for\u00e7a na comunidade nos \u00faltimos meses e praticamente foi um pedido da popula\u00e7\u00e3o que v\u00ea no vereador uma possibilidade de mudar a situa\u00e7\u00e3o que se encontra o munic\u00edpio de Jord\u00e2nia, jogada pela p\u00e9ssima administra\u00e7\u00e3o da atual gest\u00e3o que comanda o munic\u00edpio.<\/h4>\n","protected":false},"excerpt":{"rendered":"<p>O presidente da C\u00e2mara de Vereadores da cidade de Jord\u00e2nia, Minas Gerais, Max, ser\u00e1 pr\u00e9-candidato a prefeito no munic\u00edpio que tem pouco mais\u00a0de 10 mil\u00a0habitantes. Max ganhou for\u00e7a popular nos \u00faltimos meses e chega como pr\u00e9-candidato mostrando for\u00e7a junto \u00e0 popula\u00e7\u00e3o de Jord\u00e2nia por conta de seu excelente trabalho como vereador nestes cinco mandatos que exerce no legislativo. Max entrou na pol\u00edtica muito\u00a0 jovem, nos idos de 2004, com o ensejo de uma representa\u00e7\u00e3o jovem no legislativo, entendendo que a pol\u00edtica \u00e9 uma forma de mudar a realidade das pessoas, de sua rua, de seu bairro, da cidade e ser [&hellip;]<\/p>\n","protected":false},"author":4,"featured_media":163663,"comment_status":"open","ping_status":"open","sticky":false,"template":"","format":"standard","meta":[],"categories":[304],"tags":[1780,1772,913,2802,629,394],"_links":{"self":[{"href":"https:\/\/www.cronicasdeitarantim.com.br\/v1\/wp-json\/wp\/v2\/posts\/163662"}],"collection":[{"href":"https:\/\/www.cronicasdeitarantim.com.br\/v1\/wp-json\/wp\/v2\/posts"}],"about":[{"href":"https:\/\/www.cronicasdeitarantim.com.br\/v1\/wp-json\/wp\/v2\/types\/post"}],"author":[{"embeddable":true,"href":"https:\/\/www.cronicasdeitarantim.com.br\/v1\/wp-json\/wp\/v2\/users\/4"}],"replies":[{"embeddable":true,"href":"https:\/\/www.cronicasdeitarantim.com.br\/v1\/wp-json\/wp\/v2\/comments?post=163662"}],"version-history":[{"count":4,"href":"https:\/\/www.cronicasdeitarantim.com.br\/v1\/wp-json\/wp\/v2\/posts\/163662\/revisions"}],"predecessor-version":[{"id":163669,"href":"https:\/\/www.cronicasdeitarantim.com.br\/v1\/wp-json\/wp\/v2\/posts\/163662\/revisions\/163669"}],"wp:featuredmedia":[{"embeddable":true,"href":"https:\/\/www.cronicasdeitarantim.com.br\/v1\/wp-json\/wp\/v2\/media\/163663"}],"wp:attachment":[{"href":"https:\/\/www.cronicasdeitarantim.com.br\/v1\/wp-json\/wp\/v2\/media?parent=163662"}],"wp:term":[{"taxonomy":"category","embeddable":true,"href":"https:\/\/www.cronicasdeitarantim.com.br\/v1\/wp-json\/wp\/v2\/categories?post=163662"},{"taxonomy":"post_tag","embeddable":true,"href":"https:\/\/www.cronicasdeitarantim.com.br\/v1\/wp-json\/wp\/v2\/tags?post=163662"}],"curies":[{"name":"wp","href":"https:\/\/api.w.org\/{rel}","templated":true}]}}