{"id":163575,"date":"2024-05-16T17:01:41","date_gmt":"2024-05-16T20:01:41","guid":{"rendered":"https:\/\/www.cronicasdeitarantim.com.br\/v1\/?p=163575"},"modified":"2024-05-16T17:01:41","modified_gmt":"2024-05-16T20:01:41","slug":"itambe-homem-foi-encontrado-morto-com-sinais-de-afogamento-dentro-de-rio","status":"publish","type":"post","link":"https:\/\/www.cronicasdeitarantim.com.br\/v1\/2024\/05\/16\/itambe-homem-foi-encontrado-morto-com-sinais-de-afogamento-dentro-de-rio\/","title":{"rendered":"Itamb\u00e9: Homem foi encontrado morto com sinais de afogamento dentro de rio"},"content":{"rendered":"<h4>Um homem que ainda n\u00e3o teve identidade divulgada, foi encontrado morto na tarde desta quinta-feira (16) na cidade de Itamb\u00e9. De acordo com informa\u00e7\u00f5es da Guarda Municipal, o homem foi encontrado submerso no Rio Pardo pr\u00f3ximo ao Assentamento Terra Vista. Na margem do rio se encontrava algumas coisas que tudo indica ser do homem, como uma sacola pl\u00e1stica e sand\u00e1lias. As primeiras informa\u00e7\u00f5es indicam afogamento, no entanto a Guarda Municipal acionaram a Pol\u00edcia T\u00e9cnica e corpo foi removido para o Instituto M\u00e9dico Legal de Itapetinga (IML) para necropsia para identificar a causa da morte.<\/h4>\n<div dir=\"auto\"><\/div>\n","protected":false},"excerpt":{"rendered":"<p>Um homem que ainda n\u00e3o teve identidade divulgada, foi encontrado morto na tarde desta quinta-feira (16) na cidade de Itamb\u00e9. De acordo com informa\u00e7\u00f5es da Guarda Municipal, o homem foi encontrado submerso no Rio Pardo pr\u00f3ximo ao Assentamento Terra Vista. Na margem do rio se encontrava algumas coisas que tudo indica ser do homem, como uma sacola pl\u00e1stica e sand\u00e1lias. As primeiras informa\u00e7\u00f5es indicam afogamento, no entanto a Guarda Municipal acionaram a Pol\u00edcia T\u00e9cnica e corpo foi removido para o Instituto M\u00e9dico Legal de Itapetinga (IML) para necropsia para identificar a causa da morte.<\/p>\n","protected":false},"author":4,"featured_media":163576,"comment_status":"open","ping_status":"open","sticky":false,"template":"","format":"standard","meta":[],"categories":[306],"tags":[2479,1780,441,423,434],"_links":{"self":[{"href":"https:\/\/www.cronicasdeitarantim.com.br\/v1\/wp-json\/wp\/v2\/posts\/163575"}],"collection":[{"href":"https:\/\/www.cronicasdeitarantim.com.br\/v1\/wp-json\/wp\/v2\/posts"}],"about":[{"href":"https:\/\/www.cronicasdeitarantim.com.br\/v1\/wp-json\/wp\/v2\/types\/post"}],"author":[{"embeddable":true,"href":"https:\/\/www.cronicasdeitarantim.com.br\/v1\/wp-json\/wp\/v2\/users\/4"}],"replies":[{"embeddable":true,"href":"https:\/\/www.cronicasdeitarantim.com.br\/v1\/wp-json\/wp\/v2\/comments?post=163575"}],"version-history":[{"count":1,"href":"https:\/\/www.cronicasdeitarantim.com.br\/v1\/wp-json\/wp\/v2\/posts\/163575\/revisions"}],"predecessor-version":[{"id":163577,"href":"https:\/\/www.cronicasdeitarantim.com.br\/v1\/wp-json\/wp\/v2\/posts\/163575\/revisions\/163577"}],"wp:featuredmedia":[{"embeddable":true,"href":"https:\/\/www.cronicasdeitarantim.com.br\/v1\/wp-json\/wp\/v2\/media\/163576"}],"wp:attachment":[{"href":"https:\/\/www.cronicasdeitarantim.com.br\/v1\/wp-json\/wp\/v2\/media?parent=163575"}],"wp:term":[{"taxonomy":"category","embeddable":true,"href":"https:\/\/www.cronicasdeitarantim.com.br\/v1\/wp-json\/wp\/v2\/categories?post=163575"},{"taxonomy":"post_tag","embeddable":true,"href":"https:\/\/www.cronicasdeitarantim.com.br\/v1\/wp-json\/wp\/v2\/tags?post=163575"}],"curies":[{"name":"wp","href":"https:\/\/api.w.org\/{rel}","templated":true}]}}