{"id":163572,"date":"2024-05-16T16:17:47","date_gmt":"2024-05-16T19:17:47","guid":{"rendered":"https:\/\/www.cronicasdeitarantim.com.br\/v1\/?p=163572"},"modified":"2024-05-16T16:17:47","modified_gmt":"2024-05-16T19:17:47","slug":"vitoria-da-conquista-homem-acusado-de-armazenar-pornografia-infantojuvenil-e-preso-pela-pf","status":"publish","type":"post","link":"https:\/\/www.cronicasdeitarantim.com.br\/v1\/2024\/05\/16\/vitoria-da-conquista-homem-acusado-de-armazenar-pornografia-infantojuvenil-e-preso-pela-pf\/","title":{"rendered":"Vit\u00f3ria da Conquista: Homem acusado de armazenar pornografia infantojuvenil \u00e9 preso pela PF"},"content":{"rendered":"<h4>Um homem foi preso em Vit\u00f3ria da Conquista nesta quinta-feira (16), acusado de armazenar e compartilhar pornografia infantojuvenil para diferentes pa\u00edses. A pris\u00e3o foi realizada pela Pol\u00edcia Federal (PF) no \u00e2mbito da Opera\u00e7\u00e3o Prote\u00e7\u00e3o, que combate crimes desde estupro de vulner\u00e1vel a armazenamento de imagens de abuso sexual infantojuvenil.<\/h4>\n<h4>Conforme a PF, a investiga\u00e7\u00e3o reuniu elementos que comprovam que o homem detido vinha, desde 2020, armazenando centenas de arquivos de fotos e v\u00eddeos contendo cenas de abuso sexual infanto-juvenil.<\/h4>\n<h4>Ap\u00f3s a pris\u00e3o, o homem deve ser encaminhado \u00e0 unidade prisional de Vit\u00f3ria da Conquista, onde permanecer\u00e1 custodiado \u00e0 disposi\u00e7\u00e3o da Justi\u00e7a.<\/h4>\n","protected":false},"excerpt":{"rendered":"<p>Um homem foi preso em Vit\u00f3ria da Conquista nesta quinta-feira (16), acusado de armazenar e compartilhar pornografia infantojuvenil para diferentes pa\u00edses. A pris\u00e3o foi realizada pela Pol\u00edcia Federal (PF) no \u00e2mbito da Opera\u00e7\u00e3o Prote\u00e7\u00e3o, que combate crimes desde estupro de vulner\u00e1vel a armazenamento de imagens de abuso sexual infantojuvenil. Conforme a PF, a investiga\u00e7\u00e3o reuniu elementos que comprovam que o homem detido vinha, desde 2020, armazenando centenas de arquivos de fotos e v\u00eddeos contendo cenas de abuso sexual infanto-juvenil. Ap\u00f3s a pris\u00e3o, o homem deve ser encaminhado \u00e0 unidade prisional de Vit\u00f3ria da Conquista, onde permanecer\u00e1 custodiado \u00e0 disposi\u00e7\u00e3o da [&hellip;]<\/p>\n","protected":false},"author":4,"featured_media":163573,"comment_status":"open","ping_status":"open","sticky":false,"template":"","format":"standard","meta":[],"categories":[306],"tags":[766,1780,2795,221,767,447],"_links":{"self":[{"href":"https:\/\/www.cronicasdeitarantim.com.br\/v1\/wp-json\/wp\/v2\/posts\/163572"}],"collection":[{"href":"https:\/\/www.cronicasdeitarantim.com.br\/v1\/wp-json\/wp\/v2\/posts"}],"about":[{"href":"https:\/\/www.cronicasdeitarantim.com.br\/v1\/wp-json\/wp\/v2\/types\/post"}],"author":[{"embeddable":true,"href":"https:\/\/www.cronicasdeitarantim.com.br\/v1\/wp-json\/wp\/v2\/users\/4"}],"replies":[{"embeddable":true,"href":"https:\/\/www.cronicasdeitarantim.com.br\/v1\/wp-json\/wp\/v2\/comments?post=163572"}],"version-history":[{"count":1,"href":"https:\/\/www.cronicasdeitarantim.com.br\/v1\/wp-json\/wp\/v2\/posts\/163572\/revisions"}],"predecessor-version":[{"id":163574,"href":"https:\/\/www.cronicasdeitarantim.com.br\/v1\/wp-json\/wp\/v2\/posts\/163572\/revisions\/163574"}],"wp:featuredmedia":[{"embeddable":true,"href":"https:\/\/www.cronicasdeitarantim.com.br\/v1\/wp-json\/wp\/v2\/media\/163573"}],"wp:attachment":[{"href":"https:\/\/www.cronicasdeitarantim.com.br\/v1\/wp-json\/wp\/v2\/media?parent=163572"}],"wp:term":[{"taxonomy":"category","embeddable":true,"href":"https:\/\/www.cronicasdeitarantim.com.br\/v1\/wp-json\/wp\/v2\/categories?post=163572"},{"taxonomy":"post_tag","embeddable":true,"href":"https:\/\/www.cronicasdeitarantim.com.br\/v1\/wp-json\/wp\/v2\/tags?post=163572"}],"curies":[{"name":"wp","href":"https:\/\/api.w.org\/{rel}","templated":true}]}}