{"id":163519,"date":"2024-05-14T00:14:25","date_gmt":"2024-05-14T03:14:25","guid":{"rendered":"https:\/\/www.cronicasdeitarantim.com.br\/v1\/?p=163519"},"modified":"2024-05-14T00:14:25","modified_gmt":"2024-05-14T03:14:25","slug":"carta-manifesto-etnico-dos-povos-originarios-nbore-ymbore-kamaka-mongoio-e-pataxo-do-territorio-medio-sudoeste-da-bahia","status":"publish","type":"post","link":"https:\/\/www.cronicasdeitarantim.com.br\/v1\/2024\/05\/14\/carta-manifesto-etnico-dos-povos-originarios-nbore-ymbore-kamaka-mongoio-e-pataxo-do-territorio-medio-sudoeste-da-bahia\/","title":{"rendered":"CARTA MANIFESTO \u00c9TNICO DOS POVOS ORIGIN\u00c1RIOS N\u00b4BOR\u00c9\/YMBOR\u00c9, KAMAK\u00c3\/MONGOI\u00d3 E PATAX\u00d3 DO TERRIT\u00d3RIO M\u00c9DIO SUDOESTE DA BAHIA."},"content":{"rendered":"<p>Aconteceu na \u00faltima sexta-feira (10), o Encontro Territorial de Cultura do M\u00e9dio Sudoeste da Bahia, na cidade de Maiquinique, onde foi apresentado e entregue pelo Conselho Setorial dos Povos Origin\u00e1rios a CARTA MANIFESTO \u00c9TNICO DOS POVOS ORIGIN\u00c1RIOS N\u00b4BOR\u00c9\/YMBOR\u00c9, KAMAK\u00c3\/MONGOI\u00d3 E PATAX\u00d3 DO TERRIT\u00d3RIO M\u00c9DIO SUDOESTE DA BAHIA, constitu\u00edda pela representa\u00e7\u00e3o das lideran\u00e7as dos Povos Origin\u00e1rios Remanescentes, Pesquisadores, Antrop\u00f3logos, Pol\u00edticos, Professores e Ativistas da Cultura do Territ\u00f3rio.<\/p>\n<p>Que como manifesto reivindica o reconhecimento dessas etnias no territ\u00f3rio pelo Estado da Bahia e solicita a funda\u00e7\u00e3o e instala\u00e7\u00e3o de um Museu dos Povos Origin\u00e1rios e Comunidades Tradicionais e de Terreiros, e um Centro de Culturas Populares e Identit\u00e1rias (CCPI), que \u00e9 respons\u00e1vel pelo fomento e promo\u00e7\u00e3o das manifesta\u00e7\u00f5es culturais populares que fortalecem a identidade da Bahia.<\/p>\n<p>As pol\u00edticas do CCPI orientam-se de acordo com o alinhamento do Governo do Estado ao pensamento contempor\u00e2neo da Unesco e do Minist\u00e9rio da Cultura, de promover pol\u00edticas p\u00fablicas voltadas para as culturas populares e de identidades \u2013 da cultura do sert\u00e3o, de matrizes africanas, ciganas e ind\u00edgenas, LGBTQ+, inf\u00e2ncia e idosos e a implanta\u00e7\u00e3o de Educa\u00e7\u00e3o Escolar Ind\u00edgena, na perspectiva do compasso da educa\u00e7\u00e3o intercultural no Territ\u00f3rio M\u00e9dio Sudoeste.<\/p>\n<p>Esteve presente Gabriel Ferraz (Cientista Pol\u00edtico e Professor Ms. Em Desenvolvimento Social), Luciano di Maria (Pesquisador dos Povos Origin\u00e1rios de Comunidades Tradicionais e Professor), Miller Ferraz (Antrop\u00f3logo e Produtor Cultural) e Valdeique Oliveira (Representante da C\u00e2mara T\u00e9cnica de Cultura do Territ\u00f3rio M\u00e9dio Sudoeste, Produtor e Ativista Cultural).<\/p>\n<p><strong>Trecho do Manifesto <\/strong><\/p>\n<p>Esta Carta Manifesto \u00c9tnico tem como objetivo apresentar e afirmar a presen\u00e7a dos Povos Origin\u00e1rios N\u00b4bor\u00e9\/Ymbor\u00e9, Kamak\u00e3\/Mong\u00f3io e Patax\u00f3 que viviam e transitaram pela bacia do Rio Pardo, atual territ\u00f3rio de identidade M\u00e9dio Sudoeste da Bahia, por meio de seus remanescentes existentes na contemporaneidade no nosso territ\u00f3rio. Sua finalidade \u00e9 romper com o discurso preconceituoso em rela\u00e7\u00e3o aos Povos Origin\u00e1rios da bacia do Rio Pardo, com vista ao seu reconhecimento e valoriza\u00e7\u00e3o.<\/p>\n<div id=\":r9\" class=\"Ar Au Ao\">\n<div id=\":r5\" class=\"Am aiL Al editable LW-avf tS-tW tS-tY\" tabindex=\"1\" role=\"textbox\" contenteditable=\"true\" spellcheck=\"false\" aria-label=\"Corpo da mensagem\" aria-multiline=\"true\" aria-owns=\":tj\" aria-controls=\":tj\" aria-expanded=\"false\">Considerando o massacre e quase exterm\u00ednio dos povos origin\u00e1rios durante a invas\u00e3o e ocupa\u00e7\u00e3o do Sert\u00e3o da Ressaca pelos brancos colonizadores e a perversa pol\u00edtica de oculta\u00e7\u00e3o e invisibiliza\u00e7\u00e3o social e cultural da contribui\u00e7\u00e3o dos povos origin\u00e1rios no processo civilizat\u00f3rio do vale do Rio Pardo, reivindicamos a partir do reconhecimento de nossa presente exist\u00eancia no territ\u00f3rio, pol\u00edticas p\u00fablicas eficazes como mecanismo de reifica\u00e7\u00e3o da identidade cultural.<br \/>\nOs contributos dos povos origin\u00e1rios nas pr\u00e1ticas, usos e costumes da nossa cultura expressam a diversidade multifacetada da cultura territorial, na perspectiva das cosmovis\u00f5es interculturalmente entrela\u00e7adas dos povos origin\u00e1rios e tradicionais que participam da constru\u00e7\u00e3o de uma cultura singular, particular, que caracteriza o Territ\u00f3rio M\u00e9dio Sudoeste.<br \/>\nAs etnias e identidades desses remanescentes permanecem vivas h\u00e1 centenas de gera\u00e7\u00f5es, sendo suas tradi\u00e7\u00f5es, ritos, contos, agricultura, festejos, linguagens e demais pr\u00e1ticas culturais mantidas com muita resist\u00eancia. A motiva\u00e7\u00e3o manifesta \u00e9 a preserva\u00e7\u00e3o, mobiliza\u00e7\u00e3o, materializa\u00e7\u00e3o e educa\u00e7\u00e3o intercultural. Constituir um campo de a\u00e7\u00f5es e iniciativas de preserva\u00e7\u00e3o, mobiliza\u00e7\u00e3o, educa\u00e7\u00e3o e outras atreladas \u00e0s pol\u00edticas p\u00fablicas.<\/div>\n<\/div>\n<p>&nbsp;<\/p>\n<p>&nbsp;<\/p>\n","protected":false},"excerpt":{"rendered":"<p>Aconteceu na \u00faltima sexta-feira (10), o Encontro Territorial de Cultura do M\u00e9dio Sudoeste da Bahia, na cidade de Maiquinique, onde foi apresentado e entregue pelo Conselho Setorial dos Povos Origin\u00e1rios a CARTA MANIFESTO \u00c9TNICO DOS POVOS ORIGIN\u00c1RIOS N\u00b4BOR\u00c9\/YMBOR\u00c9, KAMAK\u00c3\/MONGOI\u00d3 E PATAX\u00d3 DO TERRIT\u00d3RIO M\u00c9DIO SUDOESTE DA BAHIA, constitu\u00edda pela representa\u00e7\u00e3o das lideran\u00e7as dos Povos Origin\u00e1rios Remanescentes, Pesquisadores, Antrop\u00f3logos, Pol\u00edticos, Professores e Ativistas da Cultura do Territ\u00f3rio. Que como manifesto reivindica o reconhecimento dessas etnias no territ\u00f3rio pelo Estado da Bahia e solicita a funda\u00e7\u00e3o e instala\u00e7\u00e3o de um Museu dos Povos Origin\u00e1rios e Comunidades Tradicionais e de Terreiros, e um [&hellip;]<\/p>\n","protected":false},"author":4,"featured_media":163520,"comment_status":"open","ping_status":"open","sticky":false,"template":"","format":"standard","meta":[],"categories":[538],"tags":[1780,110,1664,427,1414],"_links":{"self":[{"href":"https:\/\/www.cronicasdeitarantim.com.br\/v1\/wp-json\/wp\/v2\/posts\/163519"}],"collection":[{"href":"https:\/\/www.cronicasdeitarantim.com.br\/v1\/wp-json\/wp\/v2\/posts"}],"about":[{"href":"https:\/\/www.cronicasdeitarantim.com.br\/v1\/wp-json\/wp\/v2\/types\/post"}],"author":[{"embeddable":true,"href":"https:\/\/www.cronicasdeitarantim.com.br\/v1\/wp-json\/wp\/v2\/users\/4"}],"replies":[{"embeddable":true,"href":"https:\/\/www.cronicasdeitarantim.com.br\/v1\/wp-json\/wp\/v2\/comments?post=163519"}],"version-history":[{"count":1,"href":"https:\/\/www.cronicasdeitarantim.com.br\/v1\/wp-json\/wp\/v2\/posts\/163519\/revisions"}],"predecessor-version":[{"id":163521,"href":"https:\/\/www.cronicasdeitarantim.com.br\/v1\/wp-json\/wp\/v2\/posts\/163519\/revisions\/163521"}],"wp:featuredmedia":[{"embeddable":true,"href":"https:\/\/www.cronicasdeitarantim.com.br\/v1\/wp-json\/wp\/v2\/media\/163520"}],"wp:attachment":[{"href":"https:\/\/www.cronicasdeitarantim.com.br\/v1\/wp-json\/wp\/v2\/media?parent=163519"}],"wp:term":[{"taxonomy":"category","embeddable":true,"href":"https:\/\/www.cronicasdeitarantim.com.br\/v1\/wp-json\/wp\/v2\/categories?post=163519"},{"taxonomy":"post_tag","embeddable":true,"href":"https:\/\/www.cronicasdeitarantim.com.br\/v1\/wp-json\/wp\/v2\/tags?post=163519"}],"curies":[{"name":"wp","href":"https:\/\/api.w.org\/{rel}","templated":true}]}}