{"id":163476,"date":"2024-05-10T10:05:45","date_gmt":"2024-05-10T13:05:45","guid":{"rendered":"https:\/\/www.cronicasdeitarantim.com.br\/v1\/?p=163476"},"modified":"2024-05-10T10:05:45","modified_gmt":"2024-05-10T13:05:45","slug":"bahia-64-pessoas-ja-morreram-por-conta-da-dengue-no-estado","status":"publish","type":"post","link":"https:\/\/www.cronicasdeitarantim.com.br\/v1\/2024\/05\/10\/bahia-64-pessoas-ja-morreram-por-conta-da-dengue-no-estado\/","title":{"rendered":"Bahia: 64 pessoas j\u00e1 morreram por conta da dengue no estado"},"content":{"rendered":"<article id=\"post-218230\" class=\"post-218230 post type-post status-publish format-standard has-post-thumbnail hentry category-bahia\">\n<div class=\"container-post\">\n<div class=\"entry-content\">\n<h4>Subiu para 64 o n\u00famero de v\u00edtimas da dengue na Bahia. O estado tem 197 dos 417 munic\u00edpios em epidemia da doen\u00e7a. As informa\u00e7\u00f5es foram divulgadas nesta quinta-feira (9), pela Secretaria de Sa\u00fade do Estado (Sesab). A Bahia possui taxa de letalidade de 2,7%, menor do que a m\u00e9dia nacional. O \u00faltimo \u00f3bito foi registrado na cidade de Serrinha, a 180 km de Salvador, como informou o g1.<\/h4>\n<h4>A Secretaria de Sa\u00fade do Estado (Sesab) indicou um aumento de 702,9% nos registros da doen\u00e7a em 2024. At\u00e9 o dia 4 de maio, 181.211 casos prov\u00e1veis foram notificados no estado. Em compara\u00e7\u00e3o ao mesmo per\u00edodo de 2023, houve aumento de 719,3%.<\/h4>\n<h4>Vit\u00f3ria da Conquista segue liderando o n\u00famero de registros, com 28.658 , seguida por Salvador, com 7.208, e Feira de Santana, com 6.891 casos prov\u00e1veis da doen\u00e7a. Apesar de ser a segunda com mais casos de dengue no estado, a prefeitura da capital baiana informou que a cidade n\u00e3o est\u00e1 mais em epidemia da doen\u00e7a. Salvador registrou redu\u00e7\u00e3o de mais de 50% no n\u00famero de registros confirmados de dengue em rela\u00e7\u00e3o ao mesmo per\u00edodo do ano passado.<\/h4>\n<\/div>\n<footer class=\"entry-footer\"><\/footer>\n<\/div>\n<\/article>\n<div class=\"google-auto-placed\"><\/div>\n","protected":false},"excerpt":{"rendered":"<p>Subiu para 64 o n\u00famero de v\u00edtimas da dengue na Bahia. O estado tem 197 dos 417 munic\u00edpios em epidemia da doen\u00e7a. As informa\u00e7\u00f5es foram divulgadas nesta quinta-feira (9), pela Secretaria de Sa\u00fade do Estado (Sesab). A Bahia possui taxa de letalidade de 2,7%, menor do que a m\u00e9dia nacional. O \u00faltimo \u00f3bito foi registrado na cidade de Serrinha, a 180 km de Salvador, como informou o g1. A Secretaria de Sa\u00fade do Estado (Sesab) indicou um aumento de 702,9% nos registros da doen\u00e7a em 2024. At\u00e9 o dia 4 de maio, 181.211 casos prov\u00e1veis foram notificados no estado. Em [&hellip;]<\/p>\n","protected":false},"author":4,"featured_media":161668,"comment_status":"open","ping_status":"open","sticky":false,"template":"","format":"standard","meta":[],"categories":[295],"tags":[76,1181,1780,1586,1674,2380,2640],"_links":{"self":[{"href":"https:\/\/www.cronicasdeitarantim.com.br\/v1\/wp-json\/wp\/v2\/posts\/163476"}],"collection":[{"href":"https:\/\/www.cronicasdeitarantim.com.br\/v1\/wp-json\/wp\/v2\/posts"}],"about":[{"href":"https:\/\/www.cronicasdeitarantim.com.br\/v1\/wp-json\/wp\/v2\/types\/post"}],"author":[{"embeddable":true,"href":"https:\/\/www.cronicasdeitarantim.com.br\/v1\/wp-json\/wp\/v2\/users\/4"}],"replies":[{"embeddable":true,"href":"https:\/\/www.cronicasdeitarantim.com.br\/v1\/wp-json\/wp\/v2\/comments?post=163476"}],"version-history":[{"count":1,"href":"https:\/\/www.cronicasdeitarantim.com.br\/v1\/wp-json\/wp\/v2\/posts\/163476\/revisions"}],"predecessor-version":[{"id":163477,"href":"https:\/\/www.cronicasdeitarantim.com.br\/v1\/wp-json\/wp\/v2\/posts\/163476\/revisions\/163477"}],"wp:featuredmedia":[{"embeddable":true,"href":"https:\/\/www.cronicasdeitarantim.com.br\/v1\/wp-json\/wp\/v2\/media\/161668"}],"wp:attachment":[{"href":"https:\/\/www.cronicasdeitarantim.com.br\/v1\/wp-json\/wp\/v2\/media?parent=163476"}],"wp:term":[{"taxonomy":"category","embeddable":true,"href":"https:\/\/www.cronicasdeitarantim.com.br\/v1\/wp-json\/wp\/v2\/categories?post=163476"},{"taxonomy":"post_tag","embeddable":true,"href":"https:\/\/www.cronicasdeitarantim.com.br\/v1\/wp-json\/wp\/v2\/tags?post=163476"}],"curies":[{"name":"wp","href":"https:\/\/api.w.org\/{rel}","templated":true}]}}