{"id":163468,"date":"2024-05-09T23:22:31","date_gmt":"2024-05-10T02:22:31","guid":{"rendered":"https:\/\/www.cronicasdeitarantim.com.br\/v1\/?p=163468"},"modified":"2024-05-09T23:23:07","modified_gmt":"2024-05-10T02:23:07","slug":"festival-de-inverno-troca-de-ingressos-para-o-esquenta-fib-2024-comecam-nesta-sexta-feira","status":"publish","type":"post","link":"https:\/\/www.cronicasdeitarantim.com.br\/v1\/2024\/05\/09\/festival-de-inverno-troca-de-ingressos-para-o-esquenta-fib-2024-comecam-nesta-sexta-feira\/","title":{"rendered":"Festival de Inverno: Troca de ingressos para o Esquenta FIB 2024 come\u00e7am nesta sexta-feira"},"content":{"rendered":"<div><span style=\"font-family: arial, sans-serif;\">Pelo terceiro ano consecutivo, o an\u00fancio completo da grade do Festival de Inverno Bahia ser\u00e1 feito no Esquenta FIB, um evento que, al\u00e9m de entreter, tamb\u00e9m apoia as fam\u00edlias em situa\u00e7\u00e3o de vulnerabilidade social da cidade. Nesta edi\u00e7\u00e3o, em decorr\u00eancia da situa\u00e7\u00e3o de calamidade p\u00fablica enfrentada no Estado do Rio Grande do Sul, parte das arrecada\u00e7\u00f5es ser\u00e1 destinada \u00e0s v\u00edtimas das enchentes.\u00a0<\/span><\/div>\n<div><span style=\"font-family: arial, sans-serif;\">\u00a0<\/span><\/div>\n<div><span style=\"font-family: arial, sans-serif;\">O Esquenta FIB acontece no dia 25 de maio, a partir das 20h, na \u00e1rea de eventos do Parque Teopompo de Almeida. O acesso ao evento ser\u00e1 mediante a troca de ingressos por 02kg de alimentos n\u00e3o perec\u00edveis, que poder\u00e1 ser feita a partir desta sexta (10). O head da Bahia Eventos, Bruno Portela, est\u00e1 confiante em dobrar o n\u00famero de toneladas de alimentos arrecadados neste ano e, consequentemente, poder ajudar mais pessoas. Em 2023, cerca de 14 toneladas de alimentos n\u00e3o perec\u00edveis foram arrecadados. \u201cNosso empenho sempre \u00e9 em dobrar a meta para que sigamos ajudando mais pessoas. Nosso olhar \u00e9 para a cidade como um todo e isso \u00e9 o que faz sentido no nosso neg\u00f3cio&#8221;, conta.\u00a0<\/span><\/div>\n<div><span style=\"font-family: arial, sans-serif;\">\u00a0<\/span><\/div>\n<div><span style=\"font-family: arial, sans-serif;\">Mantendo a premissa de valorizar os artistas locais e da regi\u00e3o, Robertinha, Bet\u00e3o e Rony Barbosa s\u00e3o tr\u00eas das atra\u00e7\u00f5es do Esquenta. Al\u00e9m deles, Lincoln Senna e Samba Mais tamb\u00e9m v\u00e3o completar a grade do evento. A troca dos ingressos ser\u00e1 feita em hor\u00e1rio comercial, nos seguintes pontos:\u00a0<\/span><\/div>\n<div><span style=\"font-family: arial, sans-serif;\">\u00a0<\/span><\/div>\n<div>\n<ul>\n<li><span style=\"font-family: arial, sans-serif;\"><b>Loja Taco\u00a0<\/b><\/span>(Av. Ol\u00edvia Flores, 686)<\/li>\n<li><span style=\"font-family: arial, sans-serif;\"><b>FASA &#8211; Shopping Boulevard<\/b><\/span><\/li>\n<li><span style=\"font-family: arial, sans-serif;\"><b>\u2060Banca Central\u00a0<\/b><\/span>(Pra\u00e7a Bar\u00e3o do Rio Branco)<\/li>\n<\/ul>\n<\/div>\n<div><span style=\"font-family: arial, sans-serif;\">\u00a0<\/span><\/div>\n<div><span style=\"font-family: arial, sans-serif;\">A classifica\u00e7\u00e3o et\u00e1ria para o evento \u2018Esquenta FIB\u2019 \u00e9 de 16 anos. Al\u00e9m disso, a grade do evento est\u00e1 sujeita a altera\u00e7\u00f5es sem aviso pr\u00e9vio.\u00a0<\/span><\/div>\n<div><span style=\"font-family: arial, sans-serif;\">\u00a0<\/span><\/div>\n<div><b><span style=\"font-family: arial, sans-serif;\">A produ\u00e7\u00e3o do Festival de Inverno Bahia \u00e9 assinada pela Bahia Eventos, empresa de entretenimento da Rede Bahia, em parceria com a TV Sudoeste.<\/span><br \/>\n<\/b><\/div>\n<div><span style=\"font-family: arial, sans-serif;\">\u00a0<\/span><\/div>\n<div>\n<div><b>SERVI\u00c7O<\/b><br \/>\nFestival de Inverno Bahia 2024<br \/>\nQuando: 23 a 25\/08\/2024<b>Onde:<\/b>\u00a0Parque de Exposi\u00e7\u00f5es Teopompo de Almeida, em Vit\u00f3ria da Conquista &#8211; BA<br \/>\n<b>Classifica\u00e7\u00e3o:<\/b>\u00a014 anos, sendo que com idade inferior \u00e9 permitida a entrada desde que acompanhados dos pais, dos respons\u00e1veis legais (desde que demonstrem esta condi\u00e7\u00e3o por meio de instrumento legal) ou na companhia de pessoa maior que possua autoriza\u00e7\u00e3o expressa feita pelo pai, m\u00e3e ou respons\u00e1vel legal, por meio de documento particular com firma reconhecida em cart\u00f3rio;<br \/>\n<b>Meia-entrada:<\/b>\u00a0Al\u00e9m de estudantes, outros segmentos t\u00eam direito \u00e0 meia-entrada, segundo a lei 12.933\/2013. Em ambos os casos, \u00e9 obrigat\u00f3ria a apresenta\u00e7\u00e3o de documentos comprobat\u00f3rios. Para mais informa\u00e7\u00f5es, acesse\u00a0<a href=\"https:\/\/bileto.sympla.com.br\/meia-entrada\/bahia.html\" target=\"_blank\" rel=\"noopener\" data-saferedirecturl=\"https:\/\/www.google.com\/url?q=https:\/\/bileto.sympla.com.br\/meia-entrada\/bahia.html&amp;source=gmail&amp;ust=1715392701831000&amp;usg=AOvVaw1R89ExdggbRjHp2KTHaAIj\">https:\/\/bileto.sympla.<wbr \/>com.br\/meia-entrada\/bahia.html<\/a><br \/>\n<b>Vendas:<\/b>\u00a0Sympla<br \/>\nPontos de venda fixos (Vit\u00f3ria da Conquista):<br \/>\nBoulevard Shopping (loja DMK DUO), Central de Ingressos (Shopping Conquista Sul e Galeria Panvicon), Banca Central (Pra\u00e7a Bar\u00e3o do Rio Branco), Loja Taco (Av. Ol\u00edvia Flores, 686).<\/p>\n<\/div>\n<\/div>\n","protected":false},"excerpt":{"rendered":"<p>Pelo terceiro ano consecutivo, o an\u00fancio completo da grade do Festival de Inverno Bahia ser\u00e1 feito no Esquenta FIB, um evento que, al\u00e9m de entreter, tamb\u00e9m apoia as fam\u00edlias em situa\u00e7\u00e3o de vulnerabilidade social da cidade. Nesta edi\u00e7\u00e3o, em decorr\u00eancia da situa\u00e7\u00e3o de calamidade p\u00fablica enfrentada no Estado do Rio Grande do Sul, parte das arrecada\u00e7\u00f5es ser\u00e1 destinada \u00e0s v\u00edtimas das enchentes.\u00a0 \u00a0 O Esquenta FIB acontece no dia 25 de maio, a partir das 20h, na \u00e1rea de eventos do Parque Teopompo de Almeida. O acesso ao evento ser\u00e1 mediante a troca de ingressos por 02kg de alimentos n\u00e3o [&hellip;]<\/p>\n","protected":false},"author":4,"featured_media":163469,"comment_status":"open","ping_status":"open","sticky":false,"template":"","format":"standard","meta":[],"categories":[538],"tags":[76,1780,2306,2710,447],"_links":{"self":[{"href":"https:\/\/www.cronicasdeitarantim.com.br\/v1\/wp-json\/wp\/v2\/posts\/163468"}],"collection":[{"href":"https:\/\/www.cronicasdeitarantim.com.br\/v1\/wp-json\/wp\/v2\/posts"}],"about":[{"href":"https:\/\/www.cronicasdeitarantim.com.br\/v1\/wp-json\/wp\/v2\/types\/post"}],"author":[{"embeddable":true,"href":"https:\/\/www.cronicasdeitarantim.com.br\/v1\/wp-json\/wp\/v2\/users\/4"}],"replies":[{"embeddable":true,"href":"https:\/\/www.cronicasdeitarantim.com.br\/v1\/wp-json\/wp\/v2\/comments?post=163468"}],"version-history":[{"count":2,"href":"https:\/\/www.cronicasdeitarantim.com.br\/v1\/wp-json\/wp\/v2\/posts\/163468\/revisions"}],"predecessor-version":[{"id":163471,"href":"https:\/\/www.cronicasdeitarantim.com.br\/v1\/wp-json\/wp\/v2\/posts\/163468\/revisions\/163471"}],"wp:featuredmedia":[{"embeddable":true,"href":"https:\/\/www.cronicasdeitarantim.com.br\/v1\/wp-json\/wp\/v2\/media\/163469"}],"wp:attachment":[{"href":"https:\/\/www.cronicasdeitarantim.com.br\/v1\/wp-json\/wp\/v2\/media?parent=163468"}],"wp:term":[{"taxonomy":"category","embeddable":true,"href":"https:\/\/www.cronicasdeitarantim.com.br\/v1\/wp-json\/wp\/v2\/categories?post=163468"},{"taxonomy":"post_tag","embeddable":true,"href":"https:\/\/www.cronicasdeitarantim.com.br\/v1\/wp-json\/wp\/v2\/tags?post=163468"}],"curies":[{"name":"wp","href":"https:\/\/api.w.org\/{rel}","templated":true}]}}