{"id":163444,"date":"2024-05-08T19:56:35","date_gmt":"2024-05-08T22:56:35","guid":{"rendered":"https:\/\/www.cronicasdeitarantim.com.br\/v1\/?p=163444"},"modified":"2024-05-08T19:56:35","modified_gmt":"2024-05-08T22:56:35","slug":"bahia-tre-ba-registra-novo-numero-de-titulos-cancelados-no-estado","status":"publish","type":"post","link":"https:\/\/www.cronicasdeitarantim.com.br\/v1\/2024\/05\/08\/bahia-tre-ba-registra-novo-numero-de-titulos-cancelados-no-estado\/","title":{"rendered":"Bahia: TRE-BA registra novo n\u00famero de t\u00edtulos cancelados no estado"},"content":{"rendered":"<div class=\"conteudo_post\">\n<h4>Com a proximidade do fechamento do cadastro houve um aumento significativo na procura pelos servi\u00e7os oferecidos pela Justi\u00e7a Eleitoral baiana, resultando em uma redu\u00e7\u00e3o no n\u00famero de t\u00edtulos cancelados. At\u00e9 ter\u00e7a-feira (7), foram registrados 1,2 milh\u00e3o de cancelamentos, em compara\u00e7\u00e3o com os 1,6 milh\u00e3o registrados at\u00e9 o dia 25 de abril.<\/h4>\n<h4>O prazo para regularizar o t\u00edtulo foi esta quarta-feira (8). Para requerer o servi\u00e7o, basta procurar o cart\u00f3rio eleitoral ou posto de atendimento da Justi\u00e7a Eleitoral.<\/h4>\n<h4>No atendimento era exigida a apresenta\u00e7\u00e3o de um documento de identidade oficial com foto e um comprovante de resid\u00eancia emitido h\u00e1, no m\u00e1ximo, tr\u00eas meses. Se estiver solicitando a primeira via do t\u00edtulo (alistamento eleitoral), a Carteira Nacional de Habilita\u00e7\u00e3o (CNH) antiga n\u00e3o seria aceita isoladamente, sendo necess\u00e1rio apresentar documenta\u00e7\u00e3o complementar. Al\u00e9m disso, o certificado de quita\u00e7\u00e3o militar \u00e9 exigido para homens que completam 19 anos no ano em que se alistam. Para transfer\u00eancia, o eleitor deveria comprovar v\u00ednculo\/resid\u00eancia de no m\u00ednimo tr\u00eas meses.<\/h4>\n<\/div>\n<div id=\"div-share\"><\/div>\n","protected":false},"excerpt":{"rendered":"<p>Com a proximidade do fechamento do cadastro houve um aumento significativo na procura pelos servi\u00e7os oferecidos pela Justi\u00e7a Eleitoral baiana, resultando em uma redu\u00e7\u00e3o no n\u00famero de t\u00edtulos cancelados. At\u00e9 ter\u00e7a-feira (7), foram registrados 1,2 milh\u00e3o de cancelamentos, em compara\u00e7\u00e3o com os 1,6 milh\u00e3o registrados at\u00e9 o dia 25 de abril. O prazo para regularizar o t\u00edtulo foi esta quarta-feira (8). Para requerer o servi\u00e7o, basta procurar o cart\u00f3rio eleitoral ou posto de atendimento da Justi\u00e7a Eleitoral. No atendimento era exigida a apresenta\u00e7\u00e3o de um documento de identidade oficial com foto e um comprovante de resid\u00eancia emitido h\u00e1, no m\u00e1ximo, [&hellip;]<\/p>\n","protected":false},"author":4,"featured_media":163377,"comment_status":"open","ping_status":"open","sticky":false,"template":"","format":"standard","meta":[],"categories":[295],"tags":[76,1780,2744,2776],"_links":{"self":[{"href":"https:\/\/www.cronicasdeitarantim.com.br\/v1\/wp-json\/wp\/v2\/posts\/163444"}],"collection":[{"href":"https:\/\/www.cronicasdeitarantim.com.br\/v1\/wp-json\/wp\/v2\/posts"}],"about":[{"href":"https:\/\/www.cronicasdeitarantim.com.br\/v1\/wp-json\/wp\/v2\/types\/post"}],"author":[{"embeddable":true,"href":"https:\/\/www.cronicasdeitarantim.com.br\/v1\/wp-json\/wp\/v2\/users\/4"}],"replies":[{"embeddable":true,"href":"https:\/\/www.cronicasdeitarantim.com.br\/v1\/wp-json\/wp\/v2\/comments?post=163444"}],"version-history":[{"count":1,"href":"https:\/\/www.cronicasdeitarantim.com.br\/v1\/wp-json\/wp\/v2\/posts\/163444\/revisions"}],"predecessor-version":[{"id":163445,"href":"https:\/\/www.cronicasdeitarantim.com.br\/v1\/wp-json\/wp\/v2\/posts\/163444\/revisions\/163445"}],"wp:featuredmedia":[{"embeddable":true,"href":"https:\/\/www.cronicasdeitarantim.com.br\/v1\/wp-json\/wp\/v2\/media\/163377"}],"wp:attachment":[{"href":"https:\/\/www.cronicasdeitarantim.com.br\/v1\/wp-json\/wp\/v2\/media?parent=163444"}],"wp:term":[{"taxonomy":"category","embeddable":true,"href":"https:\/\/www.cronicasdeitarantim.com.br\/v1\/wp-json\/wp\/v2\/categories?post=163444"},{"taxonomy":"post_tag","embeddable":true,"href":"https:\/\/www.cronicasdeitarantim.com.br\/v1\/wp-json\/wp\/v2\/tags?post=163444"}],"curies":[{"name":"wp","href":"https:\/\/api.w.org\/{rel}","templated":true}]}}