{"id":163315,"date":"2024-04-28T23:11:23","date_gmt":"2024-04-29T02:11:23","guid":{"rendered":"https:\/\/www.cronicasdeitarantim.com.br\/v1\/?p=163315"},"modified":"2024-04-28T23:11:23","modified_gmt":"2024-04-29T02:11:23","slug":"tragedia-sete-pessoas-morreram-apos-onibus-tombar-em-curva-da-morte-na-br-116","status":"publish","type":"post","link":"https:\/\/www.cronicasdeitarantim.com.br\/v1\/2024\/04\/28\/tragedia-sete-pessoas-morreram-apos-onibus-tombar-em-curva-da-morte-na-br-116\/","title":{"rendered":"Trag\u00e9dia: Sete pessoas morreram ap\u00f3s \u00f4nibus tombar em &#8216;curva da morte&#8217; na BR-116"},"content":{"rendered":"<div class=\"styles__Body-sc-1ffquwr-7 ePhtZb\">\n<h4>Um \u00f4nibus tombou, neste s\u00e1bado (27), pr\u00f3ximo\u00a0\u00e0 cidade de Medina, em Minas Gerais e deixou sete pessoas mortas. O acidente ocorreu por volta das 20h20, em um local nomeado de \u201ccurva da morte\u201d na BR-116, rodovia\u00a0Rio-Bahia.<\/h4>\n<h4>Segundo o Corpo de Bombeiros,\u00a0quatro v\u00edtimas morreram no local do acidente e outras tr\u00eas faleceram no caminho para um hospital da regi\u00e3o. Os nomes das v\u00edtimas n\u00e3o foram divulgados pelas autoridades, mas, h\u00e1 informa\u00e7\u00f5es sobre uma delas que se tratava de uma jovem de 26 anos, natural de Pernambuco.<\/h4>\n<h4>As informa\u00e7\u00f5es preliminares apontam que o motorista perdeu o controle, atingiu uma mureta, e em seguida, tombou na pista. As causas do acidente ser\u00e3o investigadas.\u00a0O motorista do ve\u00edculo n\u00e3o foi localizado e ainda n\u00e3o se sabe se ele estava entre as v\u00edtimas.<\/h4>\n<h4>Testemunhas relataram que cerca de\u00a054 pessoas eram transportadas no \u00f4nibus. Os demais passageiros que sofreram ferimentos foram encaminhados a tr\u00eas hospitais diferentes da regi\u00e3o. A viagem iniciou em Caruaru, em Pernambuco, e tinha como destino S\u00e3o Paulo.<\/h4>\n<\/div>\n","protected":false},"excerpt":{"rendered":"<p>Um \u00f4nibus tombou, neste s\u00e1bado (27), pr\u00f3ximo\u00a0\u00e0 cidade de Medina, em Minas Gerais e deixou sete pessoas mortas. O acidente ocorreu por volta das 20h20, em um local nomeado de \u201ccurva da morte\u201d na BR-116, rodovia\u00a0Rio-Bahia. Segundo o Corpo de Bombeiros,\u00a0quatro v\u00edtimas morreram no local do acidente e outras tr\u00eas faleceram no caminho para um hospital da regi\u00e3o. Os nomes das v\u00edtimas n\u00e3o foram divulgados pelas autoridades, mas, h\u00e1 informa\u00e7\u00f5es sobre uma delas que se tratava de uma jovem de 26 anos, natural de Pernambuco. As informa\u00e7\u00f5es preliminares apontam que o motorista perdeu o controle, atingiu uma mureta, e em [&hellip;]<\/p>\n","protected":false},"author":4,"featured_media":163316,"comment_status":"open","ping_status":"open","sticky":false,"template":"","format":"standard","meta":[],"categories":[306],"tags":[1372,2668,76,2595,1780],"_links":{"self":[{"href":"https:\/\/www.cronicasdeitarantim.com.br\/v1\/wp-json\/wp\/v2\/posts\/163315"}],"collection":[{"href":"https:\/\/www.cronicasdeitarantim.com.br\/v1\/wp-json\/wp\/v2\/posts"}],"about":[{"href":"https:\/\/www.cronicasdeitarantim.com.br\/v1\/wp-json\/wp\/v2\/types\/post"}],"author":[{"embeddable":true,"href":"https:\/\/www.cronicasdeitarantim.com.br\/v1\/wp-json\/wp\/v2\/users\/4"}],"replies":[{"embeddable":true,"href":"https:\/\/www.cronicasdeitarantim.com.br\/v1\/wp-json\/wp\/v2\/comments?post=163315"}],"version-history":[{"count":1,"href":"https:\/\/www.cronicasdeitarantim.com.br\/v1\/wp-json\/wp\/v2\/posts\/163315\/revisions"}],"predecessor-version":[{"id":163317,"href":"https:\/\/www.cronicasdeitarantim.com.br\/v1\/wp-json\/wp\/v2\/posts\/163315\/revisions\/163317"}],"wp:featuredmedia":[{"embeddable":true,"href":"https:\/\/www.cronicasdeitarantim.com.br\/v1\/wp-json\/wp\/v2\/media\/163316"}],"wp:attachment":[{"href":"https:\/\/www.cronicasdeitarantim.com.br\/v1\/wp-json\/wp\/v2\/media?parent=163315"}],"wp:term":[{"taxonomy":"category","embeddable":true,"href":"https:\/\/www.cronicasdeitarantim.com.br\/v1\/wp-json\/wp\/v2\/categories?post=163315"},{"taxonomy":"post_tag","embeddable":true,"href":"https:\/\/www.cronicasdeitarantim.com.br\/v1\/wp-json\/wp\/v2\/tags?post=163315"}],"curies":[{"name":"wp","href":"https:\/\/api.w.org\/{rel}","templated":true}]}}