{"id":163304,"date":"2024-04-26T13:27:36","date_gmt":"2024-04-26T16:27:36","guid":{"rendered":"https:\/\/www.cronicasdeitarantim.com.br\/v1\/?p=163304"},"modified":"2024-04-26T13:27:36","modified_gmt":"2024-04-26T16:27:36","slug":"brasil-presidente-lamenta-incendio-que-matou-10-pessoas-em-porto-alegre","status":"publish","type":"post","link":"https:\/\/www.cronicasdeitarantim.com.br\/v1\/2024\/04\/26\/brasil-presidente-lamenta-incendio-que-matou-10-pessoas-em-porto-alegre\/","title":{"rendered":"Brasil: Presidente lamenta inc\u00eandio que matou 10 pessoas em Porto Alegre"},"content":{"rendered":"<h4>O presidente Luiz In\u00e1cio Lula da Silva (PT) afirmou nesta sexta-feira (26) que soube com tristeza e preocupa\u00e7\u00e3o a not\u00edcia da morte de, ao menos, 10 pessoas em um inc\u00eandio em Porto Alegre, no Rio Grande do Sul.<\/h4>\n<h4>O acidente aconteceu na madrugada desta sexta-feira em uma pousada da cidade. De acordo com o comandante do 1\u00ba Batalh\u00e3o do Corpo de Bombeiros, o local funcionava de forma irregular. A prefeitura informou que duas pessoas est\u00e3o em estado grave e 6 passam por atendimento de menor gravidade.<\/h4>\n<h4>Em seu perfil no X (antigo Twitter), o presidente prestou solidariedade \u00e0s fam\u00edlias e aos amigos das v\u00edtimas. Al\u00e9m de afirmar que o estabelecimento acolhia pessoas em situa\u00e7\u00e3o de vulnerabilidade.<\/h4>\n<h4>O governador do RS, Eduardo Leite (PSDB) e o prefeito de Porto Alegre, Sebasti\u00e3o Melo (MDB), tamb\u00e9m lamentaram as mortes. Ambos afirmaram que o Estado e a prefeitura est\u00e3o mobilizados para atuar no atendimento \u00e0s v\u00edtimas.<\/h4>\n","protected":false},"excerpt":{"rendered":"<p>O presidente Luiz In\u00e1cio Lula da Silva (PT) afirmou nesta sexta-feira (26) que soube com tristeza e preocupa\u00e7\u00e3o a not\u00edcia da morte de, ao menos, 10 pessoas em um inc\u00eandio em Porto Alegre, no Rio Grande do Sul. O acidente aconteceu na madrugada desta sexta-feira em uma pousada da cidade. De acordo com o comandante do 1\u00ba Batalh\u00e3o do Corpo de Bombeiros, o local funcionava de forma irregular. A prefeitura informou que duas pessoas est\u00e3o em estado grave e 6 passam por atendimento de menor gravidade. Em seu perfil no X (antigo Twitter), o presidente prestou solidariedade \u00e0s fam\u00edlias e [&hellip;]<\/p>\n","protected":false},"author":4,"featured_media":163305,"comment_status":"open","ping_status":"open","sticky":false,"template":"","format":"standard","meta":[],"categories":[296],"tags":[433,1780,548,699],"_links":{"self":[{"href":"https:\/\/www.cronicasdeitarantim.com.br\/v1\/wp-json\/wp\/v2\/posts\/163304"}],"collection":[{"href":"https:\/\/www.cronicasdeitarantim.com.br\/v1\/wp-json\/wp\/v2\/posts"}],"about":[{"href":"https:\/\/www.cronicasdeitarantim.com.br\/v1\/wp-json\/wp\/v2\/types\/post"}],"author":[{"embeddable":true,"href":"https:\/\/www.cronicasdeitarantim.com.br\/v1\/wp-json\/wp\/v2\/users\/4"}],"replies":[{"embeddable":true,"href":"https:\/\/www.cronicasdeitarantim.com.br\/v1\/wp-json\/wp\/v2\/comments?post=163304"}],"version-history":[{"count":1,"href":"https:\/\/www.cronicasdeitarantim.com.br\/v1\/wp-json\/wp\/v2\/posts\/163304\/revisions"}],"predecessor-version":[{"id":163306,"href":"https:\/\/www.cronicasdeitarantim.com.br\/v1\/wp-json\/wp\/v2\/posts\/163304\/revisions\/163306"}],"wp:featuredmedia":[{"embeddable":true,"href":"https:\/\/www.cronicasdeitarantim.com.br\/v1\/wp-json\/wp\/v2\/media\/163305"}],"wp:attachment":[{"href":"https:\/\/www.cronicasdeitarantim.com.br\/v1\/wp-json\/wp\/v2\/media?parent=163304"}],"wp:term":[{"taxonomy":"category","embeddable":true,"href":"https:\/\/www.cronicasdeitarantim.com.br\/v1\/wp-json\/wp\/v2\/categories?post=163304"},{"taxonomy":"post_tag","embeddable":true,"href":"https:\/\/www.cronicasdeitarantim.com.br\/v1\/wp-json\/wp\/v2\/tags?post=163304"}],"curies":[{"name":"wp","href":"https:\/\/api.w.org\/{rel}","templated":true}]}}