{"id":163230,"date":"2024-04-22T20:59:11","date_gmt":"2024-04-22T23:59:11","guid":{"rendered":"https:\/\/www.cronicasdeitarantim.com.br\/v1\/?p=163230"},"modified":"2024-04-22T21:00:56","modified_gmt":"2024-04-23T00:00:56","slug":"maiquinique-acidente-e-registrado-na-cidade-e-deixa-carro-praticamente-destruido","status":"publish","type":"post","link":"https:\/\/www.cronicasdeitarantim.com.br\/v1\/2024\/04\/22\/maiquinique-acidente-e-registrado-na-cidade-e-deixa-carro-praticamente-destruido\/","title":{"rendered":"Maiquinique: Acidente \u00e9 registrado na cidade e deixa carro praticamente destru\u00eddo"},"content":{"rendered":"<h3>Imagens enviadas para nossa reda\u00e7\u00e3o mostram dois carros, um destru\u00eddo ap\u00f3s um acidente, que aconteceu dentro da via p\u00fablica da cidade de Maiquinique na noite desta segunda-feira (22). Nas imagens mostram dois carros de passeios, um parcialmente destru\u00eddo depois do impacto com o outro ve\u00edculo.<\/h3>\n<h3>De acordo com informa\u00e7\u00f5es, um dos carros que estava sendo conduzido por uma pessoa que n\u00e3o teve sua identidade divulgada, bateu em um ve\u00edculo que estava parado na rua, com o impacto o ve\u00edculo que estava parado foi empurrado e bateu em outro ve\u00edculo que estava logo a frente.<\/h3>\n<h3>Ainda de acordo com as informa\u00e7\u00f5es apuradas pelo site, o condutor do ve\u00edculo que bateu sofreu ferimentos e foi socorrido para o hospital da cidade desmaiado. O site n\u00e3o obteve informa\u00e7\u00f5es sobre estado de sa\u00fade nem a identidade do homem que conduzia o ve\u00edculo, nem o que p\u00f4de ter causado o acidente.<\/h3>\n","protected":false},"excerpt":{"rendered":"<p>Imagens enviadas para nossa reda\u00e7\u00e3o mostram dois carros, um destru\u00eddo ap\u00f3s um acidente, que aconteceu dentro da via p\u00fablica da cidade de Maiquinique na noite desta segunda-feira (22). Nas imagens mostram dois carros de passeios, um parcialmente destru\u00eddo depois do impacto com o outro ve\u00edculo. De acordo com informa\u00e7\u00f5es, um dos carros que estava sendo conduzido por uma pessoa que n\u00e3o teve sua identidade divulgada, bateu em um ve\u00edculo que estava parado na rua, com o impacto o ve\u00edculo que estava parado foi empurrado e bateu em outro ve\u00edculo que estava logo a frente. Ainda de acordo com as informa\u00e7\u00f5es [&hellip;]<\/p>\n","protected":false},"author":4,"featured_media":163231,"comment_status":"open","ping_status":"open","sticky":false,"template":"","format":"standard","meta":[],"categories":[306],"tags":[594,1780,392],"_links":{"self":[{"href":"https:\/\/www.cronicasdeitarantim.com.br\/v1\/wp-json\/wp\/v2\/posts\/163230"}],"collection":[{"href":"https:\/\/www.cronicasdeitarantim.com.br\/v1\/wp-json\/wp\/v2\/posts"}],"about":[{"href":"https:\/\/www.cronicasdeitarantim.com.br\/v1\/wp-json\/wp\/v2\/types\/post"}],"author":[{"embeddable":true,"href":"https:\/\/www.cronicasdeitarantim.com.br\/v1\/wp-json\/wp\/v2\/users\/4"}],"replies":[{"embeddable":true,"href":"https:\/\/www.cronicasdeitarantim.com.br\/v1\/wp-json\/wp\/v2\/comments?post=163230"}],"version-history":[{"count":3,"href":"https:\/\/www.cronicasdeitarantim.com.br\/v1\/wp-json\/wp\/v2\/posts\/163230\/revisions"}],"predecessor-version":[{"id":163234,"href":"https:\/\/www.cronicasdeitarantim.com.br\/v1\/wp-json\/wp\/v2\/posts\/163230\/revisions\/163234"}],"wp:featuredmedia":[{"embeddable":true,"href":"https:\/\/www.cronicasdeitarantim.com.br\/v1\/wp-json\/wp\/v2\/media\/163231"}],"wp:attachment":[{"href":"https:\/\/www.cronicasdeitarantim.com.br\/v1\/wp-json\/wp\/v2\/media?parent=163230"}],"wp:term":[{"taxonomy":"category","embeddable":true,"href":"https:\/\/www.cronicasdeitarantim.com.br\/v1\/wp-json\/wp\/v2\/categories?post=163230"},{"taxonomy":"post_tag","embeddable":true,"href":"https:\/\/www.cronicasdeitarantim.com.br\/v1\/wp-json\/wp\/v2\/tags?post=163230"}],"curies":[{"name":"wp","href":"https:\/\/api.w.org\/{rel}","templated":true}]}}