{"id":163176,"date":"2024-04-22T15:23:16","date_gmt":"2024-04-22T18:23:16","guid":{"rendered":"https:\/\/www.cronicasdeitarantim.com.br\/v1\/?p=163176"},"modified":"2024-04-22T15:23:16","modified_gmt":"2024-04-22T18:23:16","slug":"itarantim-campeonato-municipal-de-futebol-vem-movimentando-os-domingos-na-cidade","status":"publish","type":"post","link":"https:\/\/www.cronicasdeitarantim.com.br\/v1\/2024\/04\/22\/itarantim-campeonato-municipal-de-futebol-vem-movimentando-os-domingos-na-cidade\/","title":{"rendered":"Itarantim: Campeonato Municipal de Futebol vem movimentando os domingos na cidade"},"content":{"rendered":"<div id=\":mz\" class=\"Ar Au Ao\">\n<div id=\":n3\" class=\"Am aiL Al editable LW-avf tS-tW tS-tY\" tabindex=\"1\" role=\"textbox\" contenteditable=\"true\" spellcheck=\"false\" aria-label=\"Corpo da mensagem\" aria-multiline=\"true\" aria-owns=\":vs\" aria-controls=\":vs\" aria-expanded=\"false\">\n<h4>Depois de um bom tempo que n\u00e3o acontecia o campeonato de futebol de Itarantim, o evento voltou na cidade e levando o torcedor para o est\u00e1dio Florindo Dantas. Desde 2019 quando foi o \u00faltimo campeonato realizado, que n\u00e3o acontecia o evento esportivo, que naquela \u00e9poca foi realizado pela gest\u00e3o do ex-prefeito Paulo Constru\u00e7\u00e3o.<\/h4>\n<h4>Na gest\u00e3o do prefeito F\u00e1bio Gusm\u00e3o, este \u00e9 o primeiro campeonato, claro que em 2020\/2021 aconteceu o per\u00edodo de pandemia onde regras eram colocadas para o isolamento social e eventos esportivos foram paralisados na em todo Brasil.<\/h4>\n<h4>Mas nos anos seguintes que a pandemia foi controlada a Secretaria de Esporte tamb\u00e9m n\u00e3o realizou o campeonato. Lembrando que no come\u00e7o da gest\u00e3o o est\u00e1dio foi fechado para uma reforma de gramado sendo oficialmente liberado no come\u00e7o deste ano.<\/h4>\n<h4>Com a volta do campeonato na cidade, o est\u00e1dio Florindo Dantas tem sido o ponto de encontro aos domingos para o lazer e tamb\u00e9m reencontrar amigos para uma boa resenha e torcer para o time de seus respectivos bairros.<\/h4>\n<h4>A cada domingo as rodadas vem atraindo o torcedor deixando o florind\u00e3o lotado. O campeonato \u00e9 tamb\u00e9m uma forma dos comerciantes acrescentarem um dinheiro extra com a venda de seus produtos de diversos tipos de bebidas e alimentos.<\/h4>\n<h4>O evento j\u00e1 est\u00e1 na terceira rodada e a Secretaria de Esporte, diferente de anos anteriores de campeonatos, liberou a entrada dos port\u00f5es. A decis\u00e3o n\u00e3o agradou alguns donos times da cidade que, segundo eles, a renda dos ingressos \u00e9 uma forma de gastos com despesas com jogadores contratados. Ainda de acordo com informa\u00e7\u00f5es, foi disponibilizado para cada time um valor R$ 1.500 para despesas destes times que est\u00e3o participando do certame.<\/h4>\n<h4>A pr\u00f3xima rodada do domingo (28) j\u00e1 come\u00e7a a definir grupos, e no primeiro jogo tem logo um cl\u00e1ssico que \u00e9 praticamente uma decis\u00e3o. Bob Kennedy contra Luconte. Luconte venceu a primeira e o Bob perdeu seu jogo tendo agora a obriga\u00e7\u00e3o de ganhar o jogo para brigar por uma vaga na segunda fase.<\/h4>\n<\/div>\n<\/div>\n","protected":false},"excerpt":{"rendered":"<p>Depois de um bom tempo que n\u00e3o acontecia o campeonato de futebol de Itarantim, o evento voltou na cidade e levando o torcedor para o est\u00e1dio Florindo Dantas. Desde 2019 quando foi o \u00faltimo campeonato realizado, que n\u00e3o acontecia o evento esportivo, que naquela \u00e9poca foi realizado pela gest\u00e3o do ex-prefeito Paulo Constru\u00e7\u00e3o. Na gest\u00e3o do prefeito F\u00e1bio Gusm\u00e3o, este \u00e9 o primeiro campeonato, claro que em 2020\/2021 aconteceu o per\u00edodo de pandemia onde regras eram colocadas para o isolamento social e eventos esportivos foram paralisados na em todo Brasil. Mas nos anos seguintes que a pandemia foi controlada a [&hellip;]<\/p>\n","protected":false},"author":4,"featured_media":163175,"comment_status":"open","ping_status":"open","sticky":false,"template":"","format":"standard","meta":[],"categories":[299],"tags":[1554,1780,385],"_links":{"self":[{"href":"https:\/\/www.cronicasdeitarantim.com.br\/v1\/wp-json\/wp\/v2\/posts\/163176"}],"collection":[{"href":"https:\/\/www.cronicasdeitarantim.com.br\/v1\/wp-json\/wp\/v2\/posts"}],"about":[{"href":"https:\/\/www.cronicasdeitarantim.com.br\/v1\/wp-json\/wp\/v2\/types\/post"}],"author":[{"embeddable":true,"href":"https:\/\/www.cronicasdeitarantim.com.br\/v1\/wp-json\/wp\/v2\/users\/4"}],"replies":[{"embeddable":true,"href":"https:\/\/www.cronicasdeitarantim.com.br\/v1\/wp-json\/wp\/v2\/comments?post=163176"}],"version-history":[{"count":1,"href":"https:\/\/www.cronicasdeitarantim.com.br\/v1\/wp-json\/wp\/v2\/posts\/163176\/revisions"}],"predecessor-version":[{"id":163177,"href":"https:\/\/www.cronicasdeitarantim.com.br\/v1\/wp-json\/wp\/v2\/posts\/163176\/revisions\/163177"}],"wp:featuredmedia":[{"embeddable":true,"href":"https:\/\/www.cronicasdeitarantim.com.br\/v1\/wp-json\/wp\/v2\/media\/163175"}],"wp:attachment":[{"href":"https:\/\/www.cronicasdeitarantim.com.br\/v1\/wp-json\/wp\/v2\/media?parent=163176"}],"wp:term":[{"taxonomy":"category","embeddable":true,"href":"https:\/\/www.cronicasdeitarantim.com.br\/v1\/wp-json\/wp\/v2\/categories?post=163176"},{"taxonomy":"post_tag","embeddable":true,"href":"https:\/\/www.cronicasdeitarantim.com.br\/v1\/wp-json\/wp\/v2\/tags?post=163176"}],"curies":[{"name":"wp","href":"https:\/\/api.w.org\/{rel}","templated":true}]}}