{"id":163023,"date":"2024-04-17T21:51:52","date_gmt":"2024-04-18T00:51:52","guid":{"rendered":"https:\/\/www.cronicasdeitarantim.com.br\/v1\/?p=163023"},"modified":"2024-04-17T21:51:52","modified_gmt":"2024-04-18T00:51:52","slug":"brasil-mulher-que-levou-homem-morto-para-sacar-emprestimo-respondera-por-crime-veja","status":"publish","type":"post","link":"https:\/\/www.cronicasdeitarantim.com.br\/v1\/2024\/04\/17\/brasil-mulher-que-levou-homem-morto-para-sacar-emprestimo-respondera-por-crime-veja\/","title":{"rendered":"Brasil: Mulher que levou homem morto para sacar empr\u00e9stimo responder\u00e1 por crime, veja"},"content":{"rendered":"<h3>Erika de Souza Vieira Nunes foi presa em flagrante nesta ter\u00e7a-feira (16), ap\u00f3s levar o cad\u00e1ver de Paulo Roberto Braga, de 68 anos, em uma cadeira de rodas para sacar um empr\u00e9stimo em uma ag\u00eancia banc\u00e1ria. A mulher responde por furto mediante fraude e vilip\u00eandio de cad\u00e1ver.<\/h3>\n<h3>Este \u00e9 um crime contra o respeito aos mortos, previsto no artigo 212 do C\u00f3digo Penal Brasileiro, e prev\u00ea de um a tr\u00eas anos de deten\u00e7\u00e3o e multa. J\u00e1 o furto mediante fraude prev\u00ea reclus\u00e3o de 2 a 8 anos, al\u00e9m de multa.<\/h3>\n<h3>Erika est\u00e1 detida no pres\u00eddio de Benfica, no Rio de Janeiro, e n\u00e3o tem a possibilidade de pagar fian\u00e7a. O caso aconteceu em Bangu, na Zona Oeste da capital carioca, na \u00faltima segunda-feira (15) e foi gravado por uma das funcion\u00e1rias do banco.<\/h3>\n<h3>Em depoimento para Pol\u00edcia Militar, Erika declarou que era afilhada e cuidadora de Paulo, e que n\u00e3o sabia que ele estava morto. Documentos, no entanto, apontam que a mulher seria prima do idoso.<\/h3>\n<h3>Segundo o relato de Erika \u00e0s autoridades, seu tio fez empr\u00e9stimo de R$ 17 mil no dia 25 de mar\u00e7o e ela o levou na segunda-feira (15) para sacar a quantia, a pedido dele. A Pol\u00edcia Civil investiga se Erika tem envolvimento no \u00f3bito e se teve ajuda.<\/h3>\n","protected":false},"excerpt":{"rendered":"<p>Erika de Souza Vieira Nunes foi presa em flagrante nesta ter\u00e7a-feira (16), ap\u00f3s levar o cad\u00e1ver de Paulo Roberto Braga, de 68 anos, em uma cadeira de rodas para sacar um empr\u00e9stimo em uma ag\u00eancia banc\u00e1ria. A mulher responde por furto mediante fraude e vilip\u00eandio de cad\u00e1ver. Este \u00e9 um crime contra o respeito aos mortos, previsto no artigo 212 do C\u00f3digo Penal Brasileiro, e prev\u00ea de um a tr\u00eas anos de deten\u00e7\u00e3o e multa. J\u00e1 o furto mediante fraude prev\u00ea reclus\u00e3o de 2 a 8 anos, al\u00e9m de multa. Erika est\u00e1 detida no pres\u00eddio de Benfica, no Rio de [&hellip;]<\/p>\n","protected":false},"author":4,"featured_media":163024,"comment_status":"open","ping_status":"open","sticky":false,"template":"","format":"standard","meta":[],"categories":[306],"tags":[433,2758,766,1780,2757],"_links":{"self":[{"href":"https:\/\/www.cronicasdeitarantim.com.br\/v1\/wp-json\/wp\/v2\/posts\/163023"}],"collection":[{"href":"https:\/\/www.cronicasdeitarantim.com.br\/v1\/wp-json\/wp\/v2\/posts"}],"about":[{"href":"https:\/\/www.cronicasdeitarantim.com.br\/v1\/wp-json\/wp\/v2\/types\/post"}],"author":[{"embeddable":true,"href":"https:\/\/www.cronicasdeitarantim.com.br\/v1\/wp-json\/wp\/v2\/users\/4"}],"replies":[{"embeddable":true,"href":"https:\/\/www.cronicasdeitarantim.com.br\/v1\/wp-json\/wp\/v2\/comments?post=163023"}],"version-history":[{"count":1,"href":"https:\/\/www.cronicasdeitarantim.com.br\/v1\/wp-json\/wp\/v2\/posts\/163023\/revisions"}],"predecessor-version":[{"id":163025,"href":"https:\/\/www.cronicasdeitarantim.com.br\/v1\/wp-json\/wp\/v2\/posts\/163023\/revisions\/163025"}],"wp:featuredmedia":[{"embeddable":true,"href":"https:\/\/www.cronicasdeitarantim.com.br\/v1\/wp-json\/wp\/v2\/media\/163024"}],"wp:attachment":[{"href":"https:\/\/www.cronicasdeitarantim.com.br\/v1\/wp-json\/wp\/v2\/media?parent=163023"}],"wp:term":[{"taxonomy":"category","embeddable":true,"href":"https:\/\/www.cronicasdeitarantim.com.br\/v1\/wp-json\/wp\/v2\/categories?post=163023"},{"taxonomy":"post_tag","embeddable":true,"href":"https:\/\/www.cronicasdeitarantim.com.br\/v1\/wp-json\/wp\/v2\/tags?post=163023"}],"curies":[{"name":"wp","href":"https:\/\/api.w.org\/{rel}","templated":true}]}}