{"id":163002,"date":"2024-04-17T00:04:29","date_gmt":"2024-04-17T03:04:29","guid":{"rendered":"https:\/\/www.cronicasdeitarantim.com.br\/v1\/?p=163002"},"modified":"2024-04-17T00:04:29","modified_gmt":"2024-04-17T03:04:29","slug":"brasil-ex-ministro-de-bolsonaro-e-nomeado-para-cargo-em-ministerio-de-lula","status":"publish","type":"post","link":"https:\/\/www.cronicasdeitarantim.com.br\/v1\/2024\/04\/17\/brasil-ex-ministro-de-bolsonaro-e-nomeado-para-cargo-em-ministerio-de-lula\/","title":{"rendered":"Brasil: Ex-ministro de Bolsonaro \u00e9 nomeado para cargo em minist\u00e9rio de Lula"},"content":{"rendered":"<h3>Helder Melillo Lopes Cunha Silva, ex-ministro do governo de Jair Bolsonaro (PL), foi nomeado para assumir o cargo de secret\u00e1rio-executivo do Minist\u00e9rio das Cidades. A nomea\u00e7\u00e3o foi publicada nesta ter\u00e7a-feira (16) no DOU (Di\u00e1rio Oficial da Uni\u00e3o), como informou o portal Metro1.<\/h3>\n<h3>Cunha Silva ocupou o cargo de ministro do Desenvolvimento Regional em dezembro de 2022, no fim do governo do ex-presidente Jair Bolsonaro (PL),ap\u00f3s a exonera\u00e7\u00e3o do ministro Daniel Ferreira.O cargo \u00e9 considerado o \u201cn\u00famero dois\u201d do Minist\u00e9rio da Cidade, comandado por Jader Filho (MDB).<\/h3>\n<p>&nbsp;<\/p>\n","protected":false},"excerpt":{"rendered":"<p>Helder Melillo Lopes Cunha Silva, ex-ministro do governo de Jair Bolsonaro (PL), foi nomeado para assumir o cargo de secret\u00e1rio-executivo do Minist\u00e9rio das Cidades. A nomea\u00e7\u00e3o foi publicada nesta ter\u00e7a-feira (16) no DOU (Di\u00e1rio Oficial da Uni\u00e3o), como informou o portal Metro1. Cunha Silva ocupou o cargo de ministro do Desenvolvimento Regional em dezembro de 2022, no fim do governo do ex-presidente Jair Bolsonaro (PL),ap\u00f3s a exonera\u00e7\u00e3o do ministro Daniel Ferreira.O cargo \u00e9 considerado o \u201cn\u00famero dois\u201d do Minist\u00e9rio da Cidade, comandado por Jader Filho (MDB). &nbsp;<\/p>\n","protected":false},"author":4,"featured_media":163003,"comment_status":"open","ping_status":"open","sticky":false,"template":"","format":"standard","meta":[],"categories":[296],"tags":[433,1780,863],"_links":{"self":[{"href":"https:\/\/www.cronicasdeitarantim.com.br\/v1\/wp-json\/wp\/v2\/posts\/163002"}],"collection":[{"href":"https:\/\/www.cronicasdeitarantim.com.br\/v1\/wp-json\/wp\/v2\/posts"}],"about":[{"href":"https:\/\/www.cronicasdeitarantim.com.br\/v1\/wp-json\/wp\/v2\/types\/post"}],"author":[{"embeddable":true,"href":"https:\/\/www.cronicasdeitarantim.com.br\/v1\/wp-json\/wp\/v2\/users\/4"}],"replies":[{"embeddable":true,"href":"https:\/\/www.cronicasdeitarantim.com.br\/v1\/wp-json\/wp\/v2\/comments?post=163002"}],"version-history":[{"count":1,"href":"https:\/\/www.cronicasdeitarantim.com.br\/v1\/wp-json\/wp\/v2\/posts\/163002\/revisions"}],"predecessor-version":[{"id":163004,"href":"https:\/\/www.cronicasdeitarantim.com.br\/v1\/wp-json\/wp\/v2\/posts\/163002\/revisions\/163004"}],"wp:featuredmedia":[{"embeddable":true,"href":"https:\/\/www.cronicasdeitarantim.com.br\/v1\/wp-json\/wp\/v2\/media\/163003"}],"wp:attachment":[{"href":"https:\/\/www.cronicasdeitarantim.com.br\/v1\/wp-json\/wp\/v2\/media?parent=163002"}],"wp:term":[{"taxonomy":"category","embeddable":true,"href":"https:\/\/www.cronicasdeitarantim.com.br\/v1\/wp-json\/wp\/v2\/categories?post=163002"},{"taxonomy":"post_tag","embeddable":true,"href":"https:\/\/www.cronicasdeitarantim.com.br\/v1\/wp-json\/wp\/v2\/tags?post=163002"}],"curies":[{"name":"wp","href":"https:\/\/api.w.org\/{rel}","templated":true}]}}