{"id":162793,"date":"2024-04-08T13:02:37","date_gmt":"2024-04-08T16:02:37","guid":{"rendered":"https:\/\/www.cronicasdeitarantim.com.br\/v1\/?p=162793"},"modified":"2024-04-08T13:08:33","modified_gmt":"2024-04-08T16:08:33","slug":"sociedade-dona-maria-alves-martins-celebra-centenario-com-amigos-e-familias","status":"publish","type":"post","link":"https:\/\/www.cronicasdeitarantim.com.br\/v1\/2024\/04\/08\/sociedade-dona-maria-alves-martins-celebra-centenario-com-amigos-e-familias\/","title":{"rendered":"Sociedade: Dona Maria Alves Martins celebra centen\u00e1rio com amigos e fam\u00edlias"},"content":{"rendered":"<p>Uma centen\u00e1ria com muita sabedoria, sa\u00fade e forte que celebrou no \u00faltimo s\u00e1bado (06) seus 100 anos de uma vida bem vivida ao lado de amigos e parentes que compareceram ao momento celebrativo para homenagear dona Maria Alves Martins.<\/p>\n<p>Os quatro filhos filhos, Zenir Martins; Zenaide Martins; Zilmar Martins e Nativa Martins juntamente com seus 19 netos, 26 bisnetos e 10 tataranetos celebraram juntos no espa\u00e7o do Gastr\u00f4 um s\u00e9culo de vida da matriarca que faz parte da hist\u00f3ria de Itarantim.<\/p>\n<p>Que linda celebra\u00e7\u00e3o! Dona Maria Alves Martins com certeza tem muita sabedoria e hist\u00f3rias incr\u00edveis para compartilhar ap\u00f3s viver 100 anos. \u00c9 maravilhoso ver toda a fam\u00edlia reunida para homenage\u00e1-la. Celebrar a vida e a hist\u00f3ria de algu\u00e9m t\u00e3o especial \u00e9 algo realmente emocionante. Desejo muita sa\u00fade e felicidade para dona Maria e que ela continue sendo uma fonte de inspira\u00e7\u00e3o para todos ao seu redor.<\/p>\n<p>Confira nossa galeria de fotos:<\/p>\n\n\t\t<style type=\"text\/css\">\n\t\t\t#gallery-1 {\n\t\t\t\tmargin: auto;\n\t\t\t}\n\t\t\t#gallery-1 .gallery-item {\n\t\t\t\tfloat: left;\n\t\t\t\tmargin-top: 10px;\n\t\t\t\ttext-align: center;\n\t\t\t\twidth: 33%;\n\t\t\t}\n\t\t\t#gallery-1 img {\n\t\t\t\tborder: 2px solid #cfcfcf;\n\t\t\t}\n\t\t\t#gallery-1 .gallery-caption {\n\t\t\t\tmargin-left: 0;\n\t\t\t}\n\t\t\t\/* see gallery_shortcode() in wp-includes\/media.php *\/\n\t\t<\/style>\n\t\t<div id='gallery-1' class='gallery galleryid-162793 gallery-columns-3 gallery-size-thumbnail'><dl class='gallery-item'>\n\t\t\t<dt class='gallery-icon landscape'>\n\t\t\t\t<a href='https:\/\/www.cronicasdeitarantim.com.br\/v1\/432939602_1897774400639799_8369321528168826891_n\/'><img width=\"150\" height=\"150\" src=\"https:\/\/www.cronicasdeitarantim.com.br\/v1\/wp-content\/uploads\/2024\/04\/432939602_1897774400639799_8369321528168826891_n-150x150.jpg\" class=\"attachment-thumbnail size-thumbnail\" alt=\"\" decoding=\"async\" loading=\"lazy\" srcset=\"https:\/\/www.cronicasdeitarantim.com.br\/v1\/wp-content\/uploads\/2024\/04\/432939602_1897774400639799_8369321528168826891_n-150x150.jpg 150w, https:\/\/www.cronicasdeitarantim.com.br\/v1\/wp-content\/uploads\/2024\/04\/432939602_1897774400639799_8369321528168826891_n-130x130.jpg 130w\" sizes=\"(max-width: 150px) 100vw, 150px\" \/><\/a>\n\t\t\t<\/dt><\/dl>\n\t\t\t<br style='clear: both' \/>\n\t\t<\/div>\n\n","protected":false},"excerpt":{"rendered":"<p>Uma centen\u00e1ria com muita sabedoria, sa\u00fade e forte que celebrou no \u00faltimo s\u00e1bado (06) seus 100 anos de uma vida bem vivida ao lado de amigos e parentes que compareceram ao momento celebrativo para homenagear dona Maria Alves Martins. Os quatro filhos filhos, Zenir Martins; Zenaide Martins; Zilmar Martins e Nativa Martins juntamente com seus 19 netos, 26 bisnetos e 10 tataranetos celebraram juntos no espa\u00e7o do Gastr\u00f4 um s\u00e9culo de vida da matriarca que faz parte da hist\u00f3ria de Itarantim. Que linda celebra\u00e7\u00e3o! Dona Maria Alves Martins com certeza tem muita sabedoria e hist\u00f3rias incr\u00edveis para compartilhar ap\u00f3s viver [&hellip;]<\/p>\n","protected":false},"author":4,"featured_media":162828,"comment_status":"open","ping_status":"open","sticky":false,"template":"","format":"standard","meta":[],"categories":[14],"tags":[1172,2742,1780,1038,385,573],"_links":{"self":[{"href":"https:\/\/www.cronicasdeitarantim.com.br\/v1\/wp-json\/wp\/v2\/posts\/162793"}],"collection":[{"href":"https:\/\/www.cronicasdeitarantim.com.br\/v1\/wp-json\/wp\/v2\/posts"}],"about":[{"href":"https:\/\/www.cronicasdeitarantim.com.br\/v1\/wp-json\/wp\/v2\/types\/post"}],"author":[{"embeddable":true,"href":"https:\/\/www.cronicasdeitarantim.com.br\/v1\/wp-json\/wp\/v2\/users\/4"}],"replies":[{"embeddable":true,"href":"https:\/\/www.cronicasdeitarantim.com.br\/v1\/wp-json\/wp\/v2\/comments?post=162793"}],"version-history":[{"count":4,"href":"https:\/\/www.cronicasdeitarantim.com.br\/v1\/wp-json\/wp\/v2\/posts\/162793\/revisions"}],"predecessor-version":[{"id":162882,"href":"https:\/\/www.cronicasdeitarantim.com.br\/v1\/wp-json\/wp\/v2\/posts\/162793\/revisions\/162882"}],"wp:featuredmedia":[{"embeddable":true,"href":"https:\/\/www.cronicasdeitarantim.com.br\/v1\/wp-json\/wp\/v2\/media\/162828"}],"wp:attachment":[{"href":"https:\/\/www.cronicasdeitarantim.com.br\/v1\/wp-json\/wp\/v2\/media?parent=162793"}],"wp:term":[{"taxonomy":"category","embeddable":true,"href":"https:\/\/www.cronicasdeitarantim.com.br\/v1\/wp-json\/wp\/v2\/categories?post=162793"},{"taxonomy":"post_tag","embeddable":true,"href":"https:\/\/www.cronicasdeitarantim.com.br\/v1\/wp-json\/wp\/v2\/tags?post=162793"}],"curies":[{"name":"wp","href":"https:\/\/api.w.org\/{rel}","templated":true}]}}