{"id":162790,"date":"2024-04-08T11:45:39","date_gmt":"2024-04-08T14:45:39","guid":{"rendered":"https:\/\/www.cronicasdeitarantim.com.br\/v1\/?p=162790"},"modified":"2024-04-08T11:45:39","modified_gmt":"2024-04-08T14:45:39","slug":"bahia-na-cidade-mais-violenta-do-brasil-foragido-de-presidio-morre-em-confronto-com-a-policia","status":"publish","type":"post","link":"https:\/\/www.cronicasdeitarantim.com.br\/v1\/2024\/04\/08\/bahia-na-cidade-mais-violenta-do-brasil-foragido-de-presidio-morre-em-confronto-com-a-policia\/","title":{"rendered":"Bahia: Na cidade mais violenta do Brasil, foragido de pres\u00eddio morre em confronto com a pol\u00edcia"},"content":{"rendered":"<h3>Na madrugada do \u00faltimo domingo (07), uma opera\u00e7\u00e3o da Companhia Independente de Policiamento Especializado (CIPE) Central culminou em um confronto armado numa regi\u00e3o conhecida como Cansan\u00e7\u00e3o na cidade de Jequi\u00e9.<\/h3>\n<h3>Durante o patrulhamento de rotina por volta das 4h, os agentes se depararam com um indiv\u00edduo armado. O suspeito abriu fogo contra a guarni\u00e7\u00e3o, segundo informa\u00e7\u00f5es da pol\u00edcia.<\/h3>\n<div class=\"google-auto-placed ap_container\">\n<article id=\"post-216500\" class=\"post-216500 post type-post status-publish format-standard has-post-thumbnail hentry category-regiao tag-bahia tag-destaque tag-giro tag-ipiau tag-jequie tag-noticias\">\n<div class=\"container-post\">\n<div class=\"entry-content\">\n<h3>O homem, identificado mais tarde como Ramon dos Santos, ex-detento foragido do sistema prisional, foi atingido e socorrido ao Hospital Geral Prado Valadares, onde foi constatado o \u00f3bito.<\/h3>\n<h3>Em posse do ex-detento, foram encontrados uma submetralhadora de fabrica\u00e7\u00e3o artesanal, municiada com um cartucho calibre 9mm, e um aparelho celular.<\/h3>\n<h3>Este \u00e9 um fato violento na cidade de Jequi\u00e9, o munic\u00edpio \u00e9 considerado o mais violento do Brasil segundo os dados da Mapa da Viol\u00eancia divulgado em 2023.<\/h3>\n<\/div>\n<footer class=\"entry-footer\"><\/footer>\n<\/div>\n<\/article>\n<div class=\"my-2\"><\/div>\n<article id=\"post-216195\" class=\"post-216195 post type-post status-publish format-standard hentry category-propagandas\">\n<div class=\"container-post\"><\/div>\n<\/article>\n<\/div>\n","protected":false},"excerpt":{"rendered":"<p>Na madrugada do \u00faltimo domingo (07), uma opera\u00e7\u00e3o da Companhia Independente de Policiamento Especializado (CIPE) Central culminou em um confronto armado numa regi\u00e3o conhecida como Cansan\u00e7\u00e3o na cidade de Jequi\u00e9. Durante o patrulhamento de rotina por volta das 4h, os agentes se depararam com um indiv\u00edduo armado. O suspeito abriu fogo contra a guarni\u00e7\u00e3o, segundo informa\u00e7\u00f5es da pol\u00edcia. O homem, identificado mais tarde como Ramon dos Santos, ex-detento foragido do sistema prisional, foi atingido e socorrido ao Hospital Geral Prado Valadares, onde foi constatado o \u00f3bito. Em posse do ex-detento, foram encontrados uma submetralhadora de fabrica\u00e7\u00e3o artesanal, municiada com um [&hellip;]<\/p>\n","protected":false},"author":4,"featured_media":162791,"comment_status":"open","ping_status":"open","sticky":false,"template":"","format":"standard","meta":[],"categories":[306],"tags":[76,1780,673,434,444],"_links":{"self":[{"href":"https:\/\/www.cronicasdeitarantim.com.br\/v1\/wp-json\/wp\/v2\/posts\/162790"}],"collection":[{"href":"https:\/\/www.cronicasdeitarantim.com.br\/v1\/wp-json\/wp\/v2\/posts"}],"about":[{"href":"https:\/\/www.cronicasdeitarantim.com.br\/v1\/wp-json\/wp\/v2\/types\/post"}],"author":[{"embeddable":true,"href":"https:\/\/www.cronicasdeitarantim.com.br\/v1\/wp-json\/wp\/v2\/users\/4"}],"replies":[{"embeddable":true,"href":"https:\/\/www.cronicasdeitarantim.com.br\/v1\/wp-json\/wp\/v2\/comments?post=162790"}],"version-history":[{"count":1,"href":"https:\/\/www.cronicasdeitarantim.com.br\/v1\/wp-json\/wp\/v2\/posts\/162790\/revisions"}],"predecessor-version":[{"id":162792,"href":"https:\/\/www.cronicasdeitarantim.com.br\/v1\/wp-json\/wp\/v2\/posts\/162790\/revisions\/162792"}],"wp:featuredmedia":[{"embeddable":true,"href":"https:\/\/www.cronicasdeitarantim.com.br\/v1\/wp-json\/wp\/v2\/media\/162791"}],"wp:attachment":[{"href":"https:\/\/www.cronicasdeitarantim.com.br\/v1\/wp-json\/wp\/v2\/media?parent=162790"}],"wp:term":[{"taxonomy":"category","embeddable":true,"href":"https:\/\/www.cronicasdeitarantim.com.br\/v1\/wp-json\/wp\/v2\/categories?post=162790"},{"taxonomy":"post_tag","embeddable":true,"href":"https:\/\/www.cronicasdeitarantim.com.br\/v1\/wp-json\/wp\/v2\/tags?post=162790"}],"curies":[{"name":"wp","href":"https:\/\/api.w.org\/{rel}","templated":true}]}}