{"id":162777,"date":"2024-04-06T12:47:25","date_gmt":"2024-04-06T15:47:25","guid":{"rendered":"https:\/\/www.cronicasdeitarantim.com.br\/v1\/?p=162777"},"modified":"2024-04-06T12:47:25","modified_gmt":"2024-04-06T15:47:25","slug":"itarantim-morre-o-ex-vereador-joao-chaves","status":"publish","type":"post","link":"https:\/\/www.cronicasdeitarantim.com.br\/v1\/2024\/04\/06\/itarantim-morre-o-ex-vereador-joao-chaves\/","title":{"rendered":"Itarantim: Morre o ex-vereador Jo\u00e3o Chaves"},"content":{"rendered":"<h3>Morreu na manh\u00e3 deste s\u00e1bado (06) em Itarantim, o ex-vereador Jo\u00e3o Chaves que tamb\u00e9m \u00e9 pai do ex-vereador, Jean Chaves. Jo\u00e3o, segundo as informa\u00e7\u00f5es, se sentiu mal no seu trabalho e foi levado ao Hospital Regional de Itarantim quando l\u00e1 n\u00e3o resistindo e constatado o \u00f3bito.<\/h3>\n<h3>Jo\u00e3o faz parte da hist\u00f3ria pol\u00edtica de Itarantim e seu nome ser\u00e1 sempre lembrado.<\/h3>\n<h3>Nossa reda\u00e7\u00e3o n\u00e3o conseguiu informa\u00e7\u00f5es sobre o local do vel\u00f3rio e o hor\u00e1rio do enterro.<\/h3>\n<h3>Nossa reda\u00e7\u00e3o deixa nossas solidariedades aos amigos e familiares e que Deus os confortem.<\/h3>\n","protected":false},"excerpt":{"rendered":"<p>Morreu na manh\u00e3 deste s\u00e1bado (06) em Itarantim, o ex-vereador Jo\u00e3o Chaves que tamb\u00e9m \u00e9 pai do ex-vereador, Jean Chaves. Jo\u00e3o, segundo as informa\u00e7\u00f5es, se sentiu mal no seu trabalho e foi levado ao Hospital Regional de Itarantim quando l\u00e1 n\u00e3o resistindo e constatado o \u00f3bito. Jo\u00e3o faz parte da hist\u00f3ria pol\u00edtica de Itarantim e seu nome ser\u00e1 sempre lembrado. Nossa reda\u00e7\u00e3o n\u00e3o conseguiu informa\u00e7\u00f5es sobre o local do vel\u00f3rio e o hor\u00e1rio do enterro. Nossa reda\u00e7\u00e3o deixa nossas solidariedades aos amigos e familiares e que Deus os confortem.<\/p>\n","protected":false},"author":4,"featured_media":162778,"comment_status":"open","ping_status":"open","sticky":false,"template":"","format":"standard","meta":[],"categories":[1],"tags":[1780,385,495],"_links":{"self":[{"href":"https:\/\/www.cronicasdeitarantim.com.br\/v1\/wp-json\/wp\/v2\/posts\/162777"}],"collection":[{"href":"https:\/\/www.cronicasdeitarantim.com.br\/v1\/wp-json\/wp\/v2\/posts"}],"about":[{"href":"https:\/\/www.cronicasdeitarantim.com.br\/v1\/wp-json\/wp\/v2\/types\/post"}],"author":[{"embeddable":true,"href":"https:\/\/www.cronicasdeitarantim.com.br\/v1\/wp-json\/wp\/v2\/users\/4"}],"replies":[{"embeddable":true,"href":"https:\/\/www.cronicasdeitarantim.com.br\/v1\/wp-json\/wp\/v2\/comments?post=162777"}],"version-history":[{"count":1,"href":"https:\/\/www.cronicasdeitarantim.com.br\/v1\/wp-json\/wp\/v2\/posts\/162777\/revisions"}],"predecessor-version":[{"id":162779,"href":"https:\/\/www.cronicasdeitarantim.com.br\/v1\/wp-json\/wp\/v2\/posts\/162777\/revisions\/162779"}],"wp:featuredmedia":[{"embeddable":true,"href":"https:\/\/www.cronicasdeitarantim.com.br\/v1\/wp-json\/wp\/v2\/media\/162778"}],"wp:attachment":[{"href":"https:\/\/www.cronicasdeitarantim.com.br\/v1\/wp-json\/wp\/v2\/media?parent=162777"}],"wp:term":[{"taxonomy":"category","embeddable":true,"href":"https:\/\/www.cronicasdeitarantim.com.br\/v1\/wp-json\/wp\/v2\/categories?post=162777"},{"taxonomy":"post_tag","embeddable":true,"href":"https:\/\/www.cronicasdeitarantim.com.br\/v1\/wp-json\/wp\/v2\/tags?post=162777"}],"curies":[{"name":"wp","href":"https:\/\/api.w.org\/{rel}","templated":true}]}}