{"id":162716,"date":"2024-04-02T11:19:38","date_gmt":"2024-04-02T14:19:38","guid":{"rendered":"https:\/\/www.cronicasdeitarantim.com.br\/v1\/?p=162716"},"modified":"2024-04-02T11:19:38","modified_gmt":"2024-04-02T14:19:38","slug":"bahia-policia-rodoviaria-federal-faz-balanco-e-registra-40-acidentes-na-semana-santa-em-rodovias-baianas","status":"publish","type":"post","link":"https:\/\/www.cronicasdeitarantim.com.br\/v1\/2024\/04\/02\/bahia-policia-rodoviaria-federal-faz-balanco-e-registra-40-acidentes-na-semana-santa-em-rodovias-baianas\/","title":{"rendered":"Bahia: Pol\u00edcia Rodovi\u00e1ria Federal faz balan\u00e7o e registra 40 acidentes na Semana Santa em rodovias baianas"},"content":{"rendered":"<article id=\"post-216215\" class=\"post-216215 post type-post status-publish format-standard has-post-thumbnail hentry category-bahia tag-destaque\">\n<div class=\"container-post\">\n<div class=\"entry-content\">\n<h3>Quarenta e tr\u00eas acidentes foram registrados nas rodovias baianas durante o feriad\u00e3o da Semana Santa. Segundo um balan\u00e7o divulgado pela Pol\u00edcia Rodovi\u00e1ria Federal (PRF) nesta segunda-feira (1), foram oito ocorr\u00eancias a mais neste ano, quando comparado o mesmo per\u00edodo de 2023.<\/h3>\n<h3>Neste ano, foram registradas sete mortes \u2013 uma a menos que em 2023. Um dos casos aconteceu em Ibotirama, no oeste da Bahia, na quinta-feira (28). Na ocasi\u00e3o, tr\u00eas pessoas morreram e uma ficou gravemente ferida. Todas elas eram moradoras de Sergipe.<\/h3>\n<h3>Em outra situa\u00e7\u00e3o, um homem morreu e outro ficou ferido ap\u00f3s o carro que eles estavam capotar na BR-030, entre Brumado e Tanha\u00e7u, no distrito de Sussuarana, na regi\u00e3o sudoeste. A v\u00edtima foi identificada como Gilvanei, de 36 anos.<\/h3>\n<h3>Segundo a PRF, foram emitidos 861 autos para ultrapassagens em locais proibidos, o que supera em mais de 50% os dados registrados no ano anterior. Al\u00e9m disso, foram realizados 3.365 testes com etil\u00f4metro, conhecido popularmente como baf\u00f4metro, o que resultou no flagrante de 99 motoristas que dirigiram ap\u00f3s consumir bebida alco\u00f3lica.<\/h3>\n<\/div>\n<footer class=\"entry-footer\"><\/footer>\n<\/div>\n<\/article>\n<div class=\"my-2\"><\/div>\n<article id=\"post-216212\" class=\"post-216212 post type-post status-publish format-standard has-post-thumbnail hentry category-propagandas\">\n<div class=\"container-post\"><\/div>\n<\/article>\n","protected":false},"excerpt":{"rendered":"<p>Quarenta e tr\u00eas acidentes foram registrados nas rodovias baianas durante o feriad\u00e3o da Semana Santa. Segundo um balan\u00e7o divulgado pela Pol\u00edcia Rodovi\u00e1ria Federal (PRF) nesta segunda-feira (1), foram oito ocorr\u00eancias a mais neste ano, quando comparado o mesmo per\u00edodo de 2023. Neste ano, foram registradas sete mortes \u2013 uma a menos que em 2023. Um dos casos aconteceu em Ibotirama, no oeste da Bahia, na quinta-feira (28). Na ocasi\u00e3o, tr\u00eas pessoas morreram e uma ficou gravemente ferida. Todas elas eram moradoras de Sergipe. Em outra situa\u00e7\u00e3o, um homem morreu e outro ficou ferido ap\u00f3s o carro que eles estavam capotar [&hellip;]<\/p>\n","protected":false},"author":4,"featured_media":162717,"comment_status":"open","ping_status":"open","sticky":false,"template":"","format":"standard","meta":[],"categories":[306],"tags":[2668,76,1780,1468],"_links":{"self":[{"href":"https:\/\/www.cronicasdeitarantim.com.br\/v1\/wp-json\/wp\/v2\/posts\/162716"}],"collection":[{"href":"https:\/\/www.cronicasdeitarantim.com.br\/v1\/wp-json\/wp\/v2\/posts"}],"about":[{"href":"https:\/\/www.cronicasdeitarantim.com.br\/v1\/wp-json\/wp\/v2\/types\/post"}],"author":[{"embeddable":true,"href":"https:\/\/www.cronicasdeitarantim.com.br\/v1\/wp-json\/wp\/v2\/users\/4"}],"replies":[{"embeddable":true,"href":"https:\/\/www.cronicasdeitarantim.com.br\/v1\/wp-json\/wp\/v2\/comments?post=162716"}],"version-history":[{"count":1,"href":"https:\/\/www.cronicasdeitarantim.com.br\/v1\/wp-json\/wp\/v2\/posts\/162716\/revisions"}],"predecessor-version":[{"id":162718,"href":"https:\/\/www.cronicasdeitarantim.com.br\/v1\/wp-json\/wp\/v2\/posts\/162716\/revisions\/162718"}],"wp:featuredmedia":[{"embeddable":true,"href":"https:\/\/www.cronicasdeitarantim.com.br\/v1\/wp-json\/wp\/v2\/media\/162717"}],"wp:attachment":[{"href":"https:\/\/www.cronicasdeitarantim.com.br\/v1\/wp-json\/wp\/v2\/media?parent=162716"}],"wp:term":[{"taxonomy":"category","embeddable":true,"href":"https:\/\/www.cronicasdeitarantim.com.br\/v1\/wp-json\/wp\/v2\/categories?post=162716"},{"taxonomy":"post_tag","embeddable":true,"href":"https:\/\/www.cronicasdeitarantim.com.br\/v1\/wp-json\/wp\/v2\/tags?post=162716"}],"curies":[{"name":"wp","href":"https:\/\/api.w.org\/{rel}","templated":true}]}}