{"id":162676,"date":"2024-03-29T22:05:37","date_gmt":"2024-03-30T01:05:37","guid":{"rendered":"https:\/\/www.cronicasdeitarantim.com.br\/v1\/?p=162676"},"modified":"2024-03-29T22:08:53","modified_gmt":"2024-03-30T01:08:53","slug":"religiao-igreja-celebrou-nesta-sexta-feira-a-sexta-feira-santa-pelo-mundo","status":"publish","type":"post","link":"https:\/\/www.cronicasdeitarantim.com.br\/v1\/2024\/03\/29\/religiao-igreja-celebrou-nesta-sexta-feira-a-sexta-feira-santa-pelo-mundo\/","title":{"rendered":"Religi\u00e3o: Igreja celebrou nesta sexta-feira a Sexta-feira Santa pelo mundo"},"content":{"rendered":"<h4>A igreja no Brasil e no mundo celebrou nesta sexta-feira (29) a Sexta-feira Santa ou Sexta-feira da Paix\u00e3o em que relembra fatos hist\u00f3ricos da crucifica\u00e7\u00e3o de Jesus Cristo que \u00e9 celebrada por todos os crist\u00e3o pelo mundo.<\/h4>\n<h4>Em muitas partes do mundo (comoa foto abaixo) a celebra\u00e7\u00e3o levou uma multid\u00e3o \u00e0s ruas, com a encena\u00e7\u00e3o do julgamento de Jesus Cristo, prociss\u00e3o da Via Sacra, e a morte na cruz. Para os te\u00f3logos, este momento na igreja, em especial na igreja cat\u00f3lica, \u00e9 o centro de todas as celebra\u00e7\u00f5es lit\u00fargicas que celebram a morte e ressurrei\u00e7\u00e3o.<\/h4>\n<div id=\"attachment_162677\" style=\"width: 740px\" class=\"wp-caption alignnone\"><a href=\"https:\/\/www.cronicasdeitarantim.com.br\/v1\/wp-content\/uploads\/2024\/03\/434854895_1891835104567062_117650064426811609_n.jpg\"><img aria-describedby=\"caption-attachment-162677\" decoding=\"async\" loading=\"lazy\" class=\"wp-image-162677 size-full\" src=\"https:\/\/www.cronicasdeitarantim.com.br\/v1\/wp-content\/uploads\/2024\/03\/434854895_1891835104567062_117650064426811609_n.jpg\" alt=\"\" width=\"730\" height=\"487\" srcset=\"https:\/\/www.cronicasdeitarantim.com.br\/v1\/wp-content\/uploads\/2024\/03\/434854895_1891835104567062_117650064426811609_n.jpg 730w, https:\/\/www.cronicasdeitarantim.com.br\/v1\/wp-content\/uploads\/2024\/03\/434854895_1891835104567062_117650064426811609_n-300x200.jpg 300w, https:\/\/www.cronicasdeitarantim.com.br\/v1\/wp-content\/uploads\/2024\/03\/434854895_1891835104567062_117650064426811609_n-400x267.jpg 400w\" sizes=\"(max-width: 730px) 100vw, 730px\" \/><\/a><p id=\"caption-attachment-162677\" class=\"wp-caption-text\">Prociss\u00e3o da Sexta-feira Santa em Nair\u00f3bi, Qu\u00eania, em 29 de mar\u00e7o de 2024 \u2014 Foto: Simon Maina\/AFP<\/p><\/div>\n<h4>No centro do catolicismo, no Vaticano, o Papa Francisco n\u00e3o p\u00f4de participar da celebra\u00e7\u00e3o por conta da fragilidade da sa\u00fade do pont\u00edfice e segundo informa\u00e7\u00f5es em nota no site da institui\u00e7\u00e3o foi tamb\u00e9m para preservar sua sa\u00fade por conta de v\u00e1rias agendas.<\/h4>\n<h4>Em Itarantim a celebra\u00e7\u00e3o aconteceu nesta tarde na igreja matriz da cidade.<\/h4>\n<h4>\u00c9 realmente um dia muito significativo para os crist\u00e3os ao redor do mundo. A Sexta-feira Santa \u00e9 um momento de profunda reflex\u00e3o sobre o sacrif\u00edcio de Jesus Cristo pela humanidade. \u00c9 interessante ver como essa celebra\u00e7\u00e3o \u00e9 marcada por diferentes manifesta\u00e7\u00f5es culturais em diversas partes do mundo, desde encena\u00e7\u00f5es at\u00e9 prociss\u00f5es.<\/h4>\n<h4>A aus\u00eancia do Papa Francisco na celebra\u00e7\u00e3o em Roma certamente chama a aten\u00e7\u00e3o, mas \u00e9 compreens\u00edvel que ele esteja priorizando sua sa\u00fade, especialmente considerando a agenda exigente que um l\u00edder religioso como ele deve enfrentar.<\/h4>\n","protected":false},"excerpt":{"rendered":"<p>A igreja no Brasil e no mundo celebrou nesta sexta-feira (29) a Sexta-feira Santa ou Sexta-feira da Paix\u00e3o em que relembra fatos hist\u00f3ricos da crucifica\u00e7\u00e3o de Jesus Cristo que \u00e9 celebrada por todos os crist\u00e3o pelo mundo. Em muitas partes do mundo (comoa foto abaixo) a celebra\u00e7\u00e3o levou uma multid\u00e3o \u00e0s ruas, com a encena\u00e7\u00e3o do julgamento de Jesus Cristo, prociss\u00e3o da Via Sacra, e a morte na cruz. Para os te\u00f3logos, este momento na igreja, em especial na igreja cat\u00f3lica, \u00e9 o centro de todas as celebra\u00e7\u00f5es lit\u00fargicas que celebram a morte e ressurrei\u00e7\u00e3o. No centro do catolicismo, no [&hellip;]<\/p>\n","protected":false},"author":4,"featured_media":162677,"comment_status":"open","ping_status":"open","sticky":false,"template":"","format":"standard","meta":[],"categories":[310],"tags":[2482,1780,2724,258,2723],"_links":{"self":[{"href":"https:\/\/www.cronicasdeitarantim.com.br\/v1\/wp-json\/wp\/v2\/posts\/162676"}],"collection":[{"href":"https:\/\/www.cronicasdeitarantim.com.br\/v1\/wp-json\/wp\/v2\/posts"}],"about":[{"href":"https:\/\/www.cronicasdeitarantim.com.br\/v1\/wp-json\/wp\/v2\/types\/post"}],"author":[{"embeddable":true,"href":"https:\/\/www.cronicasdeitarantim.com.br\/v1\/wp-json\/wp\/v2\/users\/4"}],"replies":[{"embeddable":true,"href":"https:\/\/www.cronicasdeitarantim.com.br\/v1\/wp-json\/wp\/v2\/comments?post=162676"}],"version-history":[{"count":3,"href":"https:\/\/www.cronicasdeitarantim.com.br\/v1\/wp-json\/wp\/v2\/posts\/162676\/revisions"}],"predecessor-version":[{"id":162680,"href":"https:\/\/www.cronicasdeitarantim.com.br\/v1\/wp-json\/wp\/v2\/posts\/162676\/revisions\/162680"}],"wp:featuredmedia":[{"embeddable":true,"href":"https:\/\/www.cronicasdeitarantim.com.br\/v1\/wp-json\/wp\/v2\/media\/162677"}],"wp:attachment":[{"href":"https:\/\/www.cronicasdeitarantim.com.br\/v1\/wp-json\/wp\/v2\/media?parent=162676"}],"wp:term":[{"taxonomy":"category","embeddable":true,"href":"https:\/\/www.cronicasdeitarantim.com.br\/v1\/wp-json\/wp\/v2\/categories?post=162676"},{"taxonomy":"post_tag","embeddable":true,"href":"https:\/\/www.cronicasdeitarantim.com.br\/v1\/wp-json\/wp\/v2\/tags?post=162676"}],"curies":[{"name":"wp","href":"https:\/\/api.w.org\/{rel}","templated":true}]}}