{"id":162662,"date":"2024-03-28T16:37:28","date_gmt":"2024-03-28T19:37:28","guid":{"rendered":"https:\/\/www.cronicasdeitarantim.com.br\/v1\/?p=162662"},"modified":"2024-03-28T16:40:14","modified_gmt":"2024-03-28T19:40:14","slug":"maiquinique-em-operacao-policia-apreende-moto-roubado-na-cidade","status":"publish","type":"post","link":"https:\/\/www.cronicasdeitarantim.com.br\/v1\/2024\/03\/28\/maiquinique-em-operacao-policia-apreende-moto-roubado-na-cidade\/","title":{"rendered":"Maiquinique: Em opera\u00e7\u00e3o pol\u00edcia apreende moto roubado na cidade"},"content":{"rendered":"<h3>A Pol\u00edcia Militar realizou prendeu uma moto roubada na cidade de Maiquinique no M\u00e9dio Sudoeste na manh\u00e3 desta quinta-feira (28). De acordo com informa\u00e7\u00f5es da pol\u00edcia, numa blitz da Opera\u00e7\u00e3o For\u00e7a Total que estava sendo realizada na entrada da cidade na Ba\/270 um indiv\u00edduo ao avistar a viatura da pol\u00edcia empreendeu em fuga, no momento em que os agentes percebendo a a\u00e7\u00e3o do motociclista perseguiram o mesmo que abandonou a moto e fugiu para dentro do matagal em uma rua da cidade.<\/h3>\n<h3>Ao inspecionar o ve\u00edculo foi verificado que a placa da moto n\u00e3o correspondia com o modelo e que o chassi estava raspado, constatando na sequ\u00eancia que o ve\u00edculo era de origem de roubo\/furto. A moto foi apreendida e apresentada na DP para ado\u00e7\u00e3o de procedimento cab\u00edvel.<\/h3>\n","protected":false},"excerpt":{"rendered":"<p>A Pol\u00edcia Militar realizou prendeu uma moto roubada na cidade de Maiquinique no M\u00e9dio Sudoeste na manh\u00e3 desta quinta-feira (28). De acordo com informa\u00e7\u00f5es da pol\u00edcia, numa blitz da Opera\u00e7\u00e3o For\u00e7a Total que estava sendo realizada na entrada da cidade na Ba\/270 um indiv\u00edduo ao avistar a viatura da pol\u00edcia empreendeu em fuga, no momento em que os agentes percebendo a a\u00e7\u00e3o do motociclista perseguiram o mesmo que abandonou a moto e fugiu para dentro do matagal em uma rua da cidade. Ao inspecionar o ve\u00edculo foi verificado que a placa da moto n\u00e3o correspondia com o modelo e que [&hellip;]<\/p>\n","protected":false},"author":4,"featured_media":162663,"comment_status":"open","ping_status":"open","sticky":false,"template":"","format":"standard","meta":[],"categories":[306],"tags":[2721,1780,392,2026,434,537],"_links":{"self":[{"href":"https:\/\/www.cronicasdeitarantim.com.br\/v1\/wp-json\/wp\/v2\/posts\/162662"}],"collection":[{"href":"https:\/\/www.cronicasdeitarantim.com.br\/v1\/wp-json\/wp\/v2\/posts"}],"about":[{"href":"https:\/\/www.cronicasdeitarantim.com.br\/v1\/wp-json\/wp\/v2\/types\/post"}],"author":[{"embeddable":true,"href":"https:\/\/www.cronicasdeitarantim.com.br\/v1\/wp-json\/wp\/v2\/users\/4"}],"replies":[{"embeddable":true,"href":"https:\/\/www.cronicasdeitarantim.com.br\/v1\/wp-json\/wp\/v2\/comments?post=162662"}],"version-history":[{"count":2,"href":"https:\/\/www.cronicasdeitarantim.com.br\/v1\/wp-json\/wp\/v2\/posts\/162662\/revisions"}],"predecessor-version":[{"id":162665,"href":"https:\/\/www.cronicasdeitarantim.com.br\/v1\/wp-json\/wp\/v2\/posts\/162662\/revisions\/162665"}],"wp:featuredmedia":[{"embeddable":true,"href":"https:\/\/www.cronicasdeitarantim.com.br\/v1\/wp-json\/wp\/v2\/media\/162663"}],"wp:attachment":[{"href":"https:\/\/www.cronicasdeitarantim.com.br\/v1\/wp-json\/wp\/v2\/media?parent=162662"}],"wp:term":[{"taxonomy":"category","embeddable":true,"href":"https:\/\/www.cronicasdeitarantim.com.br\/v1\/wp-json\/wp\/v2\/categories?post=162662"},{"taxonomy":"post_tag","embeddable":true,"href":"https:\/\/www.cronicasdeitarantim.com.br\/v1\/wp-json\/wp\/v2\/tags?post=162662"}],"curies":[{"name":"wp","href":"https:\/\/api.w.org\/{rel}","templated":true}]}}