{"id":162644,"date":"2024-03-27T13:29:51","date_gmt":"2024-03-27T16:29:51","guid":{"rendered":"https:\/\/www.cronicasdeitarantim.com.br\/v1\/?p=162644"},"modified":"2024-03-27T13:29:51","modified_gmt":"2024-03-27T16:29:51","slug":"policia-pf-cumpre-na-bahia-mandados-contra-acusados-de-pornografia-infantojuvenil","status":"publish","type":"post","link":"https:\/\/www.cronicasdeitarantim.com.br\/v1\/2024\/03\/27\/policia-pf-cumpre-na-bahia-mandados-contra-acusados-de-pornografia-infantojuvenil\/","title":{"rendered":"Pol\u00edcia: PF cumpre na Bahia mandados contra acusados de pornografia infantojuvenil"},"content":{"rendered":"<article id=\"post-216013\" class=\"post-216013 post type-post status-publish format-standard has-post-thumbnail hentry category-bahia\">\n<div class=\"container-post\">\n<div class=\"entry-content\">\n<h4>Tr\u00eas mandados de busca e apreens\u00e3o s\u00e3o cumpridos em Salvador nesta quarta-feria (27) contra acusados de compartilhar v\u00eddeos de abuso sexual infantil. O trabalho faz parte da \u201cOpera\u00e7\u00e3o Share\u201d, deflagrada pela Pol\u00edcia Federal (PF). Ao todo s\u00e3o 59 mandados em 21 estados da federa\u00e7\u00e3o. At\u00e9 o momento, 17 alvos j\u00e1 foram presos.<\/h4>\n<h4>Quem orienta as a\u00e7\u00f5es \u00e9 a Coordena\u00e7\u00e3o de Repress\u00e3o aos Crimes Cibern\u00e9ticos Relacionados ao Abuso Sexual Infantojuvenil da PF, com foco na identifica\u00e7\u00e3o e pris\u00e3o de abusadores de crian\u00e7as e resgate de v\u00edtimas.<\/h4>\n<h4>A opera\u00e7\u00e3o teve in\u00edcio ap\u00f3s informa\u00e7\u00f5es repassadas pelas pol\u00edcias da It\u00e1lia e da Espanha, que detectaram os crimes. Com isso, a PF deu continuidade \u00e0s investiga\u00e7\u00f5es, com o cumprimento das medidas cautelares em uma opera\u00e7\u00e3o em todo o Brasil.<\/h4>\n<h4>Os investigados podem responder pelos crimes de armazenamento e compartilhamento de material de abuso sexual infantil e associa\u00e7\u00e3o criminosa.<\/h4>\n<h4>Al\u00e9m da Bahia, os mandados foram cumpridos no Acre (1), Alagoas (1), Amap\u00e1 (1), Cear\u00e1 (2), Distrito Federal (1), Esp\u00edrito Santo (1), Maranh\u00e3o (1), Minas Gerais (3), Mato Grosso (2), Par\u00e1 (3), Para\u00edba (3), Pernambuco (2), Paran\u00e1 (9), Rio Grande do Norte (1), Rio de Janeiro (3), Roraima (2), Rio Grande do Sul (9), Santa Catarina (1), Sergipe (1) e S\u00e3o Paulo (9).<\/h4>\n<\/div>\n<footer class=\"entry-footer\"><\/footer>\n<\/div>\n<\/article>\n<div class=\"my-2\"><\/div>\n<article id=\"post-216008\" class=\"post-216008 post type-post status-publish format-standard hentry category-noticias\">\n<div class=\"container-post\"><\/div>\n<\/article>\n","protected":false},"excerpt":{"rendered":"<p>Tr\u00eas mandados de busca e apreens\u00e3o s\u00e3o cumpridos em Salvador nesta quarta-feria (27) contra acusados de compartilhar v\u00eddeos de abuso sexual infantil. O trabalho faz parte da \u201cOpera\u00e7\u00e3o Share\u201d, deflagrada pela Pol\u00edcia Federal (PF). Ao todo s\u00e3o 59 mandados em 21 estados da federa\u00e7\u00e3o. At\u00e9 o momento, 17 alvos j\u00e1 foram presos. Quem orienta as a\u00e7\u00f5es \u00e9 a Coordena\u00e7\u00e3o de Repress\u00e3o aos Crimes Cibern\u00e9ticos Relacionados ao Abuso Sexual Infantojuvenil da PF, com foco na identifica\u00e7\u00e3o e pris\u00e3o de abusadores de crian\u00e7as e resgate de v\u00edtimas. A opera\u00e7\u00e3o teve in\u00edcio ap\u00f3s informa\u00e7\u00f5es repassadas pelas pol\u00edcias da It\u00e1lia e da Espanha, que [&hellip;]<\/p>\n","protected":false},"author":4,"featured_media":162645,"comment_status":"open","ping_status":"open","sticky":false,"template":"","format":"standard","meta":[],"categories":[306],"tags":[76,1780,2719,1828],"_links":{"self":[{"href":"https:\/\/www.cronicasdeitarantim.com.br\/v1\/wp-json\/wp\/v2\/posts\/162644"}],"collection":[{"href":"https:\/\/www.cronicasdeitarantim.com.br\/v1\/wp-json\/wp\/v2\/posts"}],"about":[{"href":"https:\/\/www.cronicasdeitarantim.com.br\/v1\/wp-json\/wp\/v2\/types\/post"}],"author":[{"embeddable":true,"href":"https:\/\/www.cronicasdeitarantim.com.br\/v1\/wp-json\/wp\/v2\/users\/4"}],"replies":[{"embeddable":true,"href":"https:\/\/www.cronicasdeitarantim.com.br\/v1\/wp-json\/wp\/v2\/comments?post=162644"}],"version-history":[{"count":1,"href":"https:\/\/www.cronicasdeitarantim.com.br\/v1\/wp-json\/wp\/v2\/posts\/162644\/revisions"}],"predecessor-version":[{"id":162646,"href":"https:\/\/www.cronicasdeitarantim.com.br\/v1\/wp-json\/wp\/v2\/posts\/162644\/revisions\/162646"}],"wp:featuredmedia":[{"embeddable":true,"href":"https:\/\/www.cronicasdeitarantim.com.br\/v1\/wp-json\/wp\/v2\/media\/162645"}],"wp:attachment":[{"href":"https:\/\/www.cronicasdeitarantim.com.br\/v1\/wp-json\/wp\/v2\/media?parent=162644"}],"wp:term":[{"taxonomy":"category","embeddable":true,"href":"https:\/\/www.cronicasdeitarantim.com.br\/v1\/wp-json\/wp\/v2\/categories?post=162644"},{"taxonomy":"post_tag","embeddable":true,"href":"https:\/\/www.cronicasdeitarantim.com.br\/v1\/wp-json\/wp\/v2\/tags?post=162644"}],"curies":[{"name":"wp","href":"https:\/\/api.w.org\/{rel}","templated":true}]}}