{"id":162561,"date":"2024-03-21T15:55:38","date_gmt":"2024-03-21T18:55:38","guid":{"rendered":"https:\/\/www.cronicasdeitarantim.com.br\/v1\/?p=162561"},"modified":"2024-03-21T15:55:38","modified_gmt":"2024-03-21T18:55:38","slug":"itarantim-presidente-da-camara-de-malas-prontas-para-o-psb-vereador-deixara-o-uniao","status":"publish","type":"post","link":"https:\/\/www.cronicasdeitarantim.com.br\/v1\/2024\/03\/21\/itarantim-presidente-da-camara-de-malas-prontas-para-o-psb-vereador-deixara-o-uniao\/","title":{"rendered":"Itarantim: Presidente da C\u00e2mara de malas prontas para o PSB, vereador deixar\u00e1 o Uni\u00e3o"},"content":{"rendered":"<h3>O presidente da C\u00e2mara de Vereadores de Itarantim, o vereador Zeza Gigante, estar\u00e1 deixando a Uni\u00e3o Brasil (UB). O vereador ir\u00e1 se filiar nesta abertura da janela partid\u00e1ria no Partido Social Brasileiro (PSB) que tem como presidenta da sigla no munic\u00edpio a ex-vereadora Darquinha.<\/h3>\n<h3>Acredita-se que com o vereador estar\u00e1 indo algumas lideran\u00e7as pol\u00edticas importantes e ex-vereadores para a sigla. O blog ficou informado, como j\u00e1 t\u00ednhamos divulgado antes, que nesta sexta-feira (22) um evento de filia\u00e7\u00e3o ir\u00e1 acontecer em um local da cidade que ainda n\u00e3o foi divulgado.<\/h3>\n<h3>Outros vereadores tamb\u00e9m estar\u00e3o mudando de partido nesta janela partid\u00e1ria. Assim que obtivermos informa\u00e7\u00f5es, j\u00e1 estamos colhendo informa\u00e7\u00f5es, iremos contar aqui para onde esses vereadores ir\u00e3o.<\/h3>\n","protected":false},"excerpt":{"rendered":"<p>O presidente da C\u00e2mara de Vereadores de Itarantim, o vereador Zeza Gigante, estar\u00e1 deixando a Uni\u00e3o Brasil (UB). O vereador ir\u00e1 se filiar nesta abertura da janela partid\u00e1ria no Partido Social Brasileiro (PSB) que tem como presidenta da sigla no munic\u00edpio a ex-vereadora Darquinha. Acredita-se que com o vereador estar\u00e1 indo algumas lideran\u00e7as pol\u00edticas importantes e ex-vereadores para a sigla. O blog ficou informado, como j\u00e1 t\u00ednhamos divulgado antes, que nesta sexta-feira (22) um evento de filia\u00e7\u00e3o ir\u00e1 acontecer em um local da cidade que ainda n\u00e3o foi divulgado. Outros vereadores tamb\u00e9m estar\u00e3o mudando de partido nesta janela partid\u00e1ria. Assim [&hellip;]<\/p>\n","protected":false},"author":4,"featured_media":156048,"comment_status":"open","ping_status":"open","sticky":false,"template":"","format":"standard","meta":[],"categories":[304],"tags":[1780,1772,385,2635,2708,389],"_links":{"self":[{"href":"https:\/\/www.cronicasdeitarantim.com.br\/v1\/wp-json\/wp\/v2\/posts\/162561"}],"collection":[{"href":"https:\/\/www.cronicasdeitarantim.com.br\/v1\/wp-json\/wp\/v2\/posts"}],"about":[{"href":"https:\/\/www.cronicasdeitarantim.com.br\/v1\/wp-json\/wp\/v2\/types\/post"}],"author":[{"embeddable":true,"href":"https:\/\/www.cronicasdeitarantim.com.br\/v1\/wp-json\/wp\/v2\/users\/4"}],"replies":[{"embeddable":true,"href":"https:\/\/www.cronicasdeitarantim.com.br\/v1\/wp-json\/wp\/v2\/comments?post=162561"}],"version-history":[{"count":1,"href":"https:\/\/www.cronicasdeitarantim.com.br\/v1\/wp-json\/wp\/v2\/posts\/162561\/revisions"}],"predecessor-version":[{"id":162562,"href":"https:\/\/www.cronicasdeitarantim.com.br\/v1\/wp-json\/wp\/v2\/posts\/162561\/revisions\/162562"}],"wp:featuredmedia":[{"embeddable":true,"href":"https:\/\/www.cronicasdeitarantim.com.br\/v1\/wp-json\/wp\/v2\/media\/156048"}],"wp:attachment":[{"href":"https:\/\/www.cronicasdeitarantim.com.br\/v1\/wp-json\/wp\/v2\/media?parent=162561"}],"wp:term":[{"taxonomy":"category","embeddable":true,"href":"https:\/\/www.cronicasdeitarantim.com.br\/v1\/wp-json\/wp\/v2\/categories?post=162561"},{"taxonomy":"post_tag","embeddable":true,"href":"https:\/\/www.cronicasdeitarantim.com.br\/v1\/wp-json\/wp\/v2\/tags?post=162561"}],"curies":[{"name":"wp","href":"https:\/\/api.w.org\/{rel}","templated":true}]}}