{"id":162520,"date":"2024-03-20T02:19:53","date_gmt":"2024-03-20T05:19:53","guid":{"rendered":"https:\/\/www.cronicasdeitarantim.com.br\/v1\/?p=162520"},"modified":"2024-03-20T02:34:00","modified_gmt":"2024-03-20T05:34:00","slug":"itarantim-secretaria-de-cultura-e-esporte-sao-cobradas-em-sessao-da-camara-de-vereadores","status":"publish","type":"post","link":"https:\/\/www.cronicasdeitarantim.com.br\/v1\/2024\/03\/20\/itarantim-secretaria-de-cultura-e-esporte-sao-cobradas-em-sessao-da-camara-de-vereadores\/","title":{"rendered":"Itarantim: Secretaria de cultura e esporte s\u00e3o cobradas em sess\u00e3o da C\u00e2mara de Vereadores"},"content":{"rendered":"<h4>A C\u00e2mara de Vereadores de Itarantim realizou mais uma Sess\u00e3o Ordin\u00e1ria na noite desta ter\u00e7a-feira (19). Com a presen\u00e7a da maioria dos vereadores, a sess\u00e3o teve cobran\u00e7as por parte da sociedade civil e cobran\u00e7as do presidente do legislativo a secretaria de esporte do munic\u00edpio.<\/h4>\n<p><a href=\"https:\/\/www.cronicasdeitarantim.com.br\/v1\/wp-content\/uploads\/2024\/03\/WhatsApp-Image-2024-03-20-at-12.33.53-AM.jpeg\"><img decoding=\"async\" loading=\"lazy\" class=\"size-full wp-image-162523 alignleft\" src=\"https:\/\/www.cronicasdeitarantim.com.br\/v1\/wp-content\/uploads\/2024\/03\/WhatsApp-Image-2024-03-20-at-12.33.53-AM.jpeg\" alt=\"\" width=\"730\" height=\"329\" srcset=\"https:\/\/www.cronicasdeitarantim.com.br\/v1\/wp-content\/uploads\/2024\/03\/WhatsApp-Image-2024-03-20-at-12.33.53-AM.jpeg 730w, https:\/\/www.cronicasdeitarantim.com.br\/v1\/wp-content\/uploads\/2024\/03\/WhatsApp-Image-2024-03-20-at-12.33.53-AM-300x135.jpeg 300w, https:\/\/www.cronicasdeitarantim.com.br\/v1\/wp-content\/uploads\/2024\/03\/WhatsApp-Image-2024-03-20-at-12.33.53-AM-400x180.jpeg 400w\" sizes=\"(max-width: 730px) 100vw, 730px\" \/><\/a><\/p>\n<h4>O influenciador digital Tiago &#8220;Picasso&#8221; esteve na sess\u00e3o e usou a tribuna livre da casa de leis para fazer uma cobran\u00e7a. &#8220;Picasso&#8221; afirmou que h\u00e1 dias vem solicitando um espa\u00e7o institucional da Prefeitura para ensaiar um grupo de Quadrilha Junina para se apresentar no S\u00e3o Jo\u00e3o da cidade. Apesar do esfor\u00e7o que tem feito de procurar o secret\u00e1rio de cultura, at\u00e9 o momento n\u00e3o conseguiu uma resposta positiva.<\/h4>\n<h4>Ao final da sess\u00e3o, nossa reda\u00e7\u00e3o conversou com &#8220;Picasso&#8221; (confira v\u00eddeo abaixo), que falou sobre a situa\u00e7\u00e3o e a dificuldade encontrada para ter o espa\u00e7o para realizar os ensaios do grupo.<\/h4>\n<p><iframe loading=\"lazy\" title=\"Tiago &quot;Picasso&quot;, usou a tribuna livre da C\u00e2mara para cobrar da Prefeitura espa\u00e7o para ensaios.\" width=\"1200\" height=\"675\" src=\"https:\/\/www.youtube.com\/embed\/dXkMT6u9nGA?feature=oembed\" frameborder=\"0\" allow=\"accelerometer; autoplay; clipboard-write; encrypted-media; gyroscope; picture-in-picture; web-share\" allowfullscreen><\/iframe><\/p>\n<h4>O presidente da C\u00e2mara, Zeza Gigante, usou o tempo de sua fala para cobrar sobre o campeonato municipal de futebol planejado pela secretaria de esporte (confira v\u00eddeo). Zeza afirmou que \u00e9 um absurdo a forma como pensaram a realiza\u00e7\u00e3o do campeonato que come\u00e7a no final do m\u00eas sem dar nenhuma estrutura aos donos de times.<\/h4>\n<p><a href=\"https:\/\/www.cronicasdeitarantim.com.br\/v1\/wp-content\/uploads\/2024\/03\/WhatsApp-Image-2024-03-20-at-12.33.52-AM-2.jpeg\"><img decoding=\"async\" loading=\"lazy\" class=\"size-full wp-image-162525 alignleft\" src=\"https:\/\/www.cronicasdeitarantim.com.br\/v1\/wp-content\/uploads\/2024\/03\/WhatsApp-Image-2024-03-20-at-12.33.52-AM-2.jpeg\" alt=\"\" width=\"730\" height=\"329\" srcset=\"https:\/\/www.cronicasdeitarantim.com.br\/v1\/wp-content\/uploads\/2024\/03\/WhatsApp-Image-2024-03-20-at-12.33.52-AM-2.jpeg 730w, https:\/\/www.cronicasdeitarantim.com.br\/v1\/wp-content\/uploads\/2024\/03\/WhatsApp-Image-2024-03-20-at-12.33.52-AM-2-300x135.jpeg 300w, https:\/\/www.cronicasdeitarantim.com.br\/v1\/wp-content\/uploads\/2024\/03\/WhatsApp-Image-2024-03-20-at-12.33.52-AM-2-400x180.jpeg 400w\" sizes=\"(max-width: 730px) 100vw, 730px\" \/><\/a><\/p>\n<h4>Ele disse que n\u00e3o h\u00e1 condi\u00e7\u00e3o alguma de realizar um campeonato sem renda, j\u00e1 que a realiza\u00e7\u00e3o do certame ser\u00e1 de port\u00f5es abertos. Al\u00e9m dessas cr\u00edticas, o presidente tamb\u00e9m falou das condi\u00e7\u00f5es do gramado do est\u00e1dio, que passou tr\u00eas anos fechado para reforma e o gramado apresentou problemas.<\/h4>\n<p><iframe loading=\"lazy\" title=\"Vereador critica forma da realiza\u00e7\u00e3o do campeonato municipal. &quot;Donos de times ir\u00e3o se lascar&quot;.\" width=\"1200\" height=\"675\" src=\"https:\/\/www.youtube.com\/embed\/ESdyyoz4K8s?feature=oembed\" frameborder=\"0\" allow=\"accelerometer; autoplay; clipboard-write; encrypted-media; gyroscope; picture-in-picture; web-share\" allowfullscreen><\/iframe><\/p>\n<h4>Nossa reportagem, que esteve acompanhando a sess\u00e3o, tamb\u00e9m conversou com o vereador Leandro Ferreira (L\u00e9o), com o vereador Dudu dos Tutas, l\u00edder do governo, e com o presidente da casa que voltou a criticar o governo municipal sobre a situa\u00e7\u00e3o do esporte na cidade.<\/h4>\n<p><a href=\"https:\/\/www.cronicasdeitarantim.com.br\/v1\/wp-content\/uploads\/2024\/03\/WhatsApp-Image-2024-03-20-at-12.33.52-AM-1.jpeg\"><img decoding=\"async\" loading=\"lazy\" class=\"alignnone size-full wp-image-162526\" src=\"https:\/\/www.cronicasdeitarantim.com.br\/v1\/wp-content\/uploads\/2024\/03\/WhatsApp-Image-2024-03-20-at-12.33.52-AM-1.jpeg\" alt=\"\" width=\"730\" height=\"329\" srcset=\"https:\/\/www.cronicasdeitarantim.com.br\/v1\/wp-content\/uploads\/2024\/03\/WhatsApp-Image-2024-03-20-at-12.33.52-AM-1.jpeg 730w, https:\/\/www.cronicasdeitarantim.com.br\/v1\/wp-content\/uploads\/2024\/03\/WhatsApp-Image-2024-03-20-at-12.33.52-AM-1-300x135.jpeg 300w, https:\/\/www.cronicasdeitarantim.com.br\/v1\/wp-content\/uploads\/2024\/03\/WhatsApp-Image-2024-03-20-at-12.33.52-AM-1-400x180.jpeg 400w\" sizes=\"(max-width: 730px) 100vw, 730px\" \/><\/a><\/p>\n<h4>Voc\u00ea pode conferir todas as entrevistas nos links abaixo e tamb\u00e9m ser\u00e3o exibidas no programa Em-Pauta da r\u00e1dio Tr\u00eas Pontas FM que vai ao ar todos os s\u00e1bados a partir das 11 horas.<\/h4>\n<p><iframe loading=\"lazy\" title=\"Sess\u00e3o da C\u00e2mara de Vereadores. Entrevista com o vereador L\u00e9o Ferreira by Cr\u00f4nicas de Itarantim\" width=\"1200\" height=\"400\" scrolling=\"no\" frameborder=\"no\" src=\"https:\/\/w.soundcloud.com\/player\/?visual=true&#038;url=https%3A%2F%2Fapi.soundcloud.com%2Ftracks%2F1779589548&#038;show_artwork=true&#038;maxheight=1000&#038;maxwidth=1200\"><\/iframe><\/p>\n<p><iframe loading=\"lazy\" title=\"Sess\u00e3o da C\u00e2mara desta ter\u00e7a-feira (19\/3\/2024). Entrevista, vereador Dudu. by Cr\u00f4nicas de Itarantim\" width=\"1200\" height=\"400\" scrolling=\"no\" frameborder=\"no\" src=\"https:\/\/w.soundcloud.com\/player\/?visual=true&#038;url=https%3A%2F%2Fapi.soundcloud.com%2Ftracks%2F1779591660&#038;show_artwork=true&#038;maxheight=1000&#038;maxwidth=1200\"><\/iframe><\/p>\n<p><iframe loading=\"lazy\" title=\"Sess\u00e3o da C\u00e2mara desta ter\u00e7a-feira (19\/3\/2024). Entrevista com o vereador Zeza. by Cr\u00f4nicas de Itarantim\" width=\"1200\" height=\"400\" scrolling=\"no\" frameborder=\"no\" src=\"https:\/\/w.soundcloud.com\/player\/?visual=true&#038;url=https%3A%2F%2Fapi.soundcloud.com%2Ftracks%2F1779592908&#038;show_artwork=true&#038;maxheight=1000&#038;maxwidth=1200\"><\/iframe><\/p>\n<p>&nbsp;<\/p>\n","protected":false},"excerpt":{"rendered":"<p>A C\u00e2mara de Vereadores de Itarantim realizou mais uma Sess\u00e3o Ordin\u00e1ria na noite desta ter\u00e7a-feira (19). Com a presen\u00e7a da maioria dos vereadores, a sess\u00e3o teve cobran\u00e7as por parte da sociedade civil e cobran\u00e7as do presidente do legislativo a secretaria de esporte do munic\u00edpio. O influenciador digital Tiago &#8220;Picasso&#8221; esteve na sess\u00e3o e usou a tribuna livre da casa de leis para fazer uma cobran\u00e7a. &#8220;Picasso&#8221; afirmou que h\u00e1 dias vem solicitando um espa\u00e7o institucional da Prefeitura para ensaiar um grupo de Quadrilha Junina para se apresentar no S\u00e3o Jo\u00e3o da cidade. Apesar do esfor\u00e7o que tem feito de procurar [&hellip;]<\/p>\n","protected":false},"author":4,"featured_media":162521,"comment_status":"open","ping_status":"open","sticky":false,"template":"","format":"standard","meta":[],"categories":[304],"tags":[356,1780,440,1872],"_links":{"self":[{"href":"https:\/\/www.cronicasdeitarantim.com.br\/v1\/wp-json\/wp\/v2\/posts\/162520"}],"collection":[{"href":"https:\/\/www.cronicasdeitarantim.com.br\/v1\/wp-json\/wp\/v2\/posts"}],"about":[{"href":"https:\/\/www.cronicasdeitarantim.com.br\/v1\/wp-json\/wp\/v2\/types\/post"}],"author":[{"embeddable":true,"href":"https:\/\/www.cronicasdeitarantim.com.br\/v1\/wp-json\/wp\/v2\/users\/4"}],"replies":[{"embeddable":true,"href":"https:\/\/www.cronicasdeitarantim.com.br\/v1\/wp-json\/wp\/v2\/comments?post=162520"}],"version-history":[{"count":3,"href":"https:\/\/www.cronicasdeitarantim.com.br\/v1\/wp-json\/wp\/v2\/posts\/162520\/revisions"}],"predecessor-version":[{"id":162527,"href":"https:\/\/www.cronicasdeitarantim.com.br\/v1\/wp-json\/wp\/v2\/posts\/162520\/revisions\/162527"}],"wp:featuredmedia":[{"embeddable":true,"href":"https:\/\/www.cronicasdeitarantim.com.br\/v1\/wp-json\/wp\/v2\/media\/162521"}],"wp:attachment":[{"href":"https:\/\/www.cronicasdeitarantim.com.br\/v1\/wp-json\/wp\/v2\/media?parent=162520"}],"wp:term":[{"taxonomy":"category","embeddable":true,"href":"https:\/\/www.cronicasdeitarantim.com.br\/v1\/wp-json\/wp\/v2\/categories?post=162520"},{"taxonomy":"post_tag","embeddable":true,"href":"https:\/\/www.cronicasdeitarantim.com.br\/v1\/wp-json\/wp\/v2\/tags?post=162520"}],"curies":[{"name":"wp","href":"https:\/\/api.w.org\/{rel}","templated":true}]}}