{"id":162502,"date":"2024-03-18T23:11:32","date_gmt":"2024-03-19T02:11:32","guid":{"rendered":"https:\/\/www.cronicasdeitarantim.com.br\/v1\/?p=162502"},"modified":"2024-03-18T23:11:32","modified_gmt":"2024-03-19T02:11:32","slug":"libertadores-confira-como-ficaram-os-grupos-da-libertadores-2024-para-os-brasileiros","status":"publish","type":"post","link":"https:\/\/www.cronicasdeitarantim.com.br\/v1\/2024\/03\/18\/libertadores-confira-como-ficaram-os-grupos-da-libertadores-2024-para-os-brasileiros\/","title":{"rendered":"Libertadores: Confira como ficaram os grupos da Libertadores 2024 para os brasileiros"},"content":{"rendered":"<h3>A Conmebol sorteou, na noite desta segunda-feira (18), os grupos da Libertadores\u00a02024. O torneio conta com sete brasileiros nesta fase. S\u00e3o eles: Fluminense, Palmeiras, Flamengo, Gr\u00eamio, S\u00e3o Paulo, Atl\u00e9tico-MG e Botafogo.<\/h3>\n<h3 data-gtm-vis-recent-on-screen104869357_94=\"3336\" data-gtm-vis-first-on-screen104869357_94=\"3336\" data-gtm-vis-total-visible-time104869357_94=\"100\" data-gtm-vis-has-fired104869357_94=\"1\">S\u00e3o 32 times divididos em oito grupos\u00a0Libertadores. As equipes de cada chave se enfrentam duas vezes cada e os dois melhores avan\u00e7am. Enquanto os terceiros colocados v\u00e3o para a Sul-Americana. O torneio ter\u00e1 in\u00edcio no dia 3 de abril, uma quarta-feira.<\/h3>\n<h3>Confira os grupos:<br \/>\n<strong>Grupo A<\/strong><br \/>\nFluminense<br \/>\nCerro Porte\u00f1o<br \/>\nAlianza Lima<br \/>\nColo-Colo<\/h3>\n<div id=\"__next\">\n<div class=\"Box-sc-68smk-0 fuSYQI\" data-agent=\"WhatsApp\/2.23.20.0\" data-regiao=\"\"><main class=\"Box-sc-68smk-0 kkSOSj\"><\/p>\n<div class=\"NoticiaInternaWrapper-sc-481g5p-0 kJOMjl categoria__esportes\">\n<div class=\"Grid__Container-sc-owmjhw-0 emVGWN\">\n<div class=\"Grid__Row-sc-owmjhw-1 lcfiDx\">\n<div class=\"Grid__Col-sc-owmjhw-2 jBShJB\">\n<article class=\"Grid__Row-sc-owmjhw-1 cuEKia\">\n<div class=\"Grid__Col-sc-owmjhw-2 hlZAX\">\n<div class=\"Grid__Col-sc-owmjhw-2 kuXdhW\">\n<div class=\"ConteudoNoticiaWrapper-sc-19fsm27-0 bUCdiA m-content\">\n<div class=\"ConteudoNoticiaWrapper__Artigo-sc-19fsm27-1 bKozcf\">\n<h3><strong>Grupo B<\/strong><br \/>\nS\u00e3o Paulo<br \/>\nBarcelona \u2013 EQU<br \/>\nTalleres<br \/>\nCobresal<\/h3>\n<h3><strong>Grupo C<br \/>\n<\/strong>Gr\u00eamio<br \/>\nEstudiantes<br \/>\nThe Strongest<br \/>\nHuachipato<\/h3>\n<h3><strong>Grupo D<br \/>\n<\/strong>LDU<br \/>\nJunior Barranquilla<br \/>\nUniversitario<br \/>\nBotafogo<\/h3>\n<h3><strong>Grupo E<br \/>\n<\/strong>Flamengo<br \/>\nBol\u00edvar<br \/>\nMillonarios<br \/>\nPalestino<br \/>\n<strong><br \/>\n<\/strong><strong>Grupo F<br \/>\n<\/strong>Palmeiras<br \/>\nIndependiente Del Valle<br \/>\nSan Lorenzo<br \/>\nLiverpool \u2013 URU<\/h3>\n<h3><strong>Grupo G<br \/>\n<\/strong>Pe\u00f1arol<br \/>\nAtl\u00e9tico-MG<br \/>\nRos\u00e1rio Central<br \/>\nCaracas.<\/h3>\n<h3><strong>Grupo H<br \/>\n<\/strong>River Plate<br \/>\nLibertad<br \/>\nDeportivo T\u00e1chira<br \/>\nNacional \u2013 URU<\/h3>\n<h3>Outro brasileiro que tamb\u00e9m participou da Libertadores 2024, mas n\u00e3o avan\u00e7ou de fase, foi o Red Bull Bragantino. A equipe foi eliminada nos playoffs do torneio para o Botafogo.<\/h3>\n<\/div>\n<\/div>\n<section class=\"PublicidadesWrapper-sc-tdfx1c-0 bqylCV\">\n<div id=\"taboola-below-article-thumbnails\" class=\"TABOOLA trc_related_container trc_spotlight_widget tbl-feed-container tbl-feed-frame-NONE  render-late-effect\" data-feed-container-num=\"1\" data-feed-main-container-id=\"taboola-below-article-thumbnails\" data-parent-placement-name=\"Below Article Thumbnails\" data-pub-lang=\"pt\">\n<div id=\"taboola-below-article-thumbnails-pl1\" class=\" trc_related_container trc_spotlight_widget trc_elastic trc_elastic_thumbnails-b-1x1  tbl-feed-card \" data-card-index=\"1\" data-batch-num=\"1\" data-placement-name=\"Below Article Thumbnails | Card 1\">\n<div class=\"trc_rbox_container\">\n<div>\n<div id=\"trc_wrapper_72636\" class=\"trc_rbox thumbnails-b-1x1 trc-content-sponsored \">\n<div id=\"outer_72636\" class=\"trc_rbox_outer\">\n<div id=\"rbox-t2v\" class=\"trc_rbox_div trc_rbox_border_elm\">\n<div id=\"internal_trc_72636\"><\/div>\n<\/div>\n<\/div>\n<\/div>\n<\/div>\n<\/div>\n<\/div>\n<\/div>\n<\/section>\n<\/div>\n<\/div>\n<\/article>\n<\/div>\n<\/div>\n<\/div>\n<\/div>\n<p><\/main><\/div>\n<\/div>\n<div class=\"m-banner-wrap m-banner-rectangle m-publicity-content-middle\"><\/div>\n","protected":false},"excerpt":{"rendered":"<p>A Conmebol sorteou, na noite desta segunda-feira (18), os grupos da Libertadores\u00a02024. O torneio conta com sete brasileiros nesta fase. S\u00e3o eles: Fluminense, Palmeiras, Flamengo, Gr\u00eamio, S\u00e3o Paulo, Atl\u00e9tico-MG e Botafogo. S\u00e3o 32 times divididos em oito grupos\u00a0Libertadores. As equipes de cada chave se enfrentam duas vezes cada e os dois melhores avan\u00e7am. Enquanto os terceiros colocados v\u00e3o para a Sul-Americana. O torneio ter\u00e1 in\u00edcio no dia 3 de abril, uma quarta-feira. Confira os grupos: Grupo A Fluminense Cerro Porte\u00f1o Alianza Lima Colo-Colo Grupo B S\u00e3o Paulo Barcelona \u2013 EQU Talleres Cobresal Grupo C Gr\u00eamio Estudiantes The Strongest Huachipato Grupo [&hellip;]<\/p>\n","protected":false},"author":4,"featured_media":162503,"comment_status":"open","ping_status":"open","sticky":false,"template":"","format":"standard","meta":[],"categories":[299],"tags":[2477,433,1780,428,185],"_links":{"self":[{"href":"https:\/\/www.cronicasdeitarantim.com.br\/v1\/wp-json\/wp\/v2\/posts\/162502"}],"collection":[{"href":"https:\/\/www.cronicasdeitarantim.com.br\/v1\/wp-json\/wp\/v2\/posts"}],"about":[{"href":"https:\/\/www.cronicasdeitarantim.com.br\/v1\/wp-json\/wp\/v2\/types\/post"}],"author":[{"embeddable":true,"href":"https:\/\/www.cronicasdeitarantim.com.br\/v1\/wp-json\/wp\/v2\/users\/4"}],"replies":[{"embeddable":true,"href":"https:\/\/www.cronicasdeitarantim.com.br\/v1\/wp-json\/wp\/v2\/comments?post=162502"}],"version-history":[{"count":1,"href":"https:\/\/www.cronicasdeitarantim.com.br\/v1\/wp-json\/wp\/v2\/posts\/162502\/revisions"}],"predecessor-version":[{"id":162504,"href":"https:\/\/www.cronicasdeitarantim.com.br\/v1\/wp-json\/wp\/v2\/posts\/162502\/revisions\/162504"}],"wp:featuredmedia":[{"embeddable":true,"href":"https:\/\/www.cronicasdeitarantim.com.br\/v1\/wp-json\/wp\/v2\/media\/162503"}],"wp:attachment":[{"href":"https:\/\/www.cronicasdeitarantim.com.br\/v1\/wp-json\/wp\/v2\/media?parent=162502"}],"wp:term":[{"taxonomy":"category","embeddable":true,"href":"https:\/\/www.cronicasdeitarantim.com.br\/v1\/wp-json\/wp\/v2\/categories?post=162502"},{"taxonomy":"post_tag","embeddable":true,"href":"https:\/\/www.cronicasdeitarantim.com.br\/v1\/wp-json\/wp\/v2\/tags?post=162502"}],"curies":[{"name":"wp","href":"https:\/\/api.w.org\/{rel}","templated":true}]}}