{"id":162499,"date":"2024-03-18T22:41:44","date_gmt":"2024-03-19T01:41:44","guid":{"rendered":"https:\/\/www.cronicasdeitarantim.com.br\/v1\/?p=162499"},"modified":"2024-03-18T22:41:44","modified_gmt":"2024-03-19T01:41:44","slug":"regiao-homem-morre-apos-ataque-de-abelhas","status":"publish","type":"post","link":"https:\/\/www.cronicasdeitarantim.com.br\/v1\/2024\/03\/18\/regiao-homem-morre-apos-ataque-de-abelhas\/","title":{"rendered":"Regi\u00e3o: homem morre ap\u00f3s ataque de abelhas"},"content":{"rendered":"<h3>Um homem que foi identificado pelo nome de Neto morador de uma comunidade rural conhecida como Lagoa de Maria Clem\u00eancia, zona rural de Vit\u00f3ria da Conquista, foi morto ap\u00f3s um ataque de abelhas. De acordo com informa\u00e7\u00f5es, o homem foi atacado por um enxame de abelhas juntamente com mais pessoas. O SAMU 192 chegou a prestar socorro \u00e0s v\u00edtimas, mas infelizmente um homem recebeu muitas picadas e n\u00e3o resistiu aos ferimentos.<\/h3>\n<h3>Recentemente o site publicou uma mat\u00e9ria sobre crian\u00e7as numa escola na cidade de Ilh\u00e9us no sul da Bahia que foram atacadas. Felizmente nada mais grave aconteceu.<\/h3>\n<p>&nbsp;<\/p>\n<div class=\"entry-content\">\n<p>&nbsp;<\/p>\n<\/div>\n<div class=\"clearfix\"><\/div>\n","protected":false},"excerpt":{"rendered":"<p>Um homem que foi identificado pelo nome de Neto morador de uma comunidade rural conhecida como Lagoa de Maria Clem\u00eancia, zona rural de Vit\u00f3ria da Conquista, foi morto ap\u00f3s um ataque de abelhas. De acordo com informa\u00e7\u00f5es, o homem foi atacado por um enxame de abelhas juntamente com mais pessoas. O SAMU 192 chegou a prestar socorro \u00e0s v\u00edtimas, mas infelizmente um homem recebeu muitas picadas e n\u00e3o resistiu aos ferimentos. Recentemente o site publicou uma mat\u00e9ria sobre crian\u00e7as numa escola na cidade de Ilh\u00e9us no sul da Bahia que foram atacadas. Felizmente nada mais grave aconteceu. &nbsp; &nbsp;<\/p>\n","protected":false},"author":4,"featured_media":162500,"comment_status":"open","ping_status":"open","sticky":false,"template":"","format":"standard","meta":[],"categories":[306],"tags":[2691,1780,497,2380,427,447],"_links":{"self":[{"href":"https:\/\/www.cronicasdeitarantim.com.br\/v1\/wp-json\/wp\/v2\/posts\/162499"}],"collection":[{"href":"https:\/\/www.cronicasdeitarantim.com.br\/v1\/wp-json\/wp\/v2\/posts"}],"about":[{"href":"https:\/\/www.cronicasdeitarantim.com.br\/v1\/wp-json\/wp\/v2\/types\/post"}],"author":[{"embeddable":true,"href":"https:\/\/www.cronicasdeitarantim.com.br\/v1\/wp-json\/wp\/v2\/users\/4"}],"replies":[{"embeddable":true,"href":"https:\/\/www.cronicasdeitarantim.com.br\/v1\/wp-json\/wp\/v2\/comments?post=162499"}],"version-history":[{"count":1,"href":"https:\/\/www.cronicasdeitarantim.com.br\/v1\/wp-json\/wp\/v2\/posts\/162499\/revisions"}],"predecessor-version":[{"id":162501,"href":"https:\/\/www.cronicasdeitarantim.com.br\/v1\/wp-json\/wp\/v2\/posts\/162499\/revisions\/162501"}],"wp:featuredmedia":[{"embeddable":true,"href":"https:\/\/www.cronicasdeitarantim.com.br\/v1\/wp-json\/wp\/v2\/media\/162500"}],"wp:attachment":[{"href":"https:\/\/www.cronicasdeitarantim.com.br\/v1\/wp-json\/wp\/v2\/media?parent=162499"}],"wp:term":[{"taxonomy":"category","embeddable":true,"href":"https:\/\/www.cronicasdeitarantim.com.br\/v1\/wp-json\/wp\/v2\/categories?post=162499"},{"taxonomy":"post_tag","embeddable":true,"href":"https:\/\/www.cronicasdeitarantim.com.br\/v1\/wp-json\/wp\/v2\/tags?post=162499"}],"curies":[{"name":"wp","href":"https:\/\/api.w.org\/{rel}","templated":true}]}}