{"id":162466,"date":"2024-03-17T22:36:40","date_gmt":"2024-03-18T01:36:40","guid":{"rendered":"https:\/\/www.cronicasdeitarantim.com.br\/v1\/?p=162466"},"modified":"2024-03-17T22:36:40","modified_gmt":"2024-03-18T01:36:40","slug":"esporte-na-varzea-campo-toca-da-onca-em-itarantim-tem-domingo-movimentado-com-torneio-de-futebol","status":"publish","type":"post","link":"https:\/\/www.cronicasdeitarantim.com.br\/v1\/2024\/03\/17\/esporte-na-varzea-campo-toca-da-onca-em-itarantim-tem-domingo-movimentado-com-torneio-de-futebol\/","title":{"rendered":"Esporte na V\u00e1rzea: Campo &#8220;Toca da On\u00e7a&#8221; em Itarantim tem domingo movimentado com torneio de futebol"},"content":{"rendered":"<div id=\":r7\" class=\"Ar Au Ao\">\n<div id=\":r3\" class=\"Am aiL Al editable LW-avf tS-tW tS-tY\" tabindex=\"1\" role=\"textbox\" contenteditable=\"true\" spellcheck=\"false\" aria-label=\"Corpo da mensagem\" aria-multiline=\"true\" aria-owns=\":th\" aria-controls=\":th\" aria-expanded=\"false\">\n<h4>Um domingo (17) agitado no campo &#8220;Toca da On\u00e7a&#8221; localizado no bairro Cajazeiras em Itarantim com a realiza\u00e7\u00e3o de um torneio de futebol que foi organizado pelo desportista Tida &#8220;Boca Bode&#8221; e T\u00f5e &#8220;Lamban\u00e7a&#8221;. Muitos lances de qualidade de uma garotada talentosa que \u00e9 cria deste campo que faz parte da hist\u00f3ria de Itarantim. Al\u00e9m disso, grandes gols, como o gola\u00e7o de falta que voc\u00eas podem ver a\u00ed na nossa reportagem.<\/h4>\n<h4>Al\u00e9m dos momentos de reportagem em v\u00eddeos que fizemos, conversamos com os organizadores, Tida &#8220;Boca de Bode&#8221; e T\u00f5e Lamban\u00e7a&#8221;. Tamb\u00e9m falamos com o presidente da C\u00e2mara de Vereadores de Itarantim que esteve marcando presen\u00e7a no evento esportivo. Acompanhe tudo:<\/h4>\n<p><iframe loading=\"lazy\" title=\"Nossa reportagem conversou com o vereador presidente da C\u00e2mara, Zeza Gigante, que falou sobre esport\" width=\"1200\" height=\"675\" src=\"https:\/\/www.youtube.com\/embed\/mZmHEqylH_o?feature=oembed\" frameborder=\"0\" allow=\"accelerometer; autoplay; clipboard-write; encrypted-media; gyroscope; picture-in-picture; web-share\" allowfullscreen><\/iframe><\/p>\n<p><iframe loading=\"lazy\" title=\"O talentos da v\u00e1rzea. Gola\u00e7o de falta. Campo Toca da On\u00e7a.\" width=\"1200\" height=\"675\" src=\"https:\/\/www.youtube.com\/embed\/omtweJ1WjGg?feature=oembed\" frameborder=\"0\" allow=\"accelerometer; autoplay; clipboard-write; encrypted-media; gyroscope; picture-in-picture; web-share\" allowfullscreen><\/iframe><\/p>\n<p><iframe loading=\"lazy\" title=\"Torneio de v\u00e1rzea no campo Toca da On\u00e7a. Cobran\u00e7as de penaltis. (Parte primeira).\" width=\"1200\" height=\"675\" src=\"https:\/\/www.youtube.com\/embed\/dQvVpAieU0Q?feature=oembed\" frameborder=\"0\" allow=\"accelerometer; autoplay; clipboard-write; encrypted-media; gyroscope; picture-in-picture; web-share\" allowfullscreen><\/iframe><\/p>\n<p><iframe loading=\"lazy\" title=\"Campo da v\u00e1rzea. Torneio no campo Toca da On\u00e7a. Cobran\u00e7as de penaltis\" width=\"1200\" height=\"675\" src=\"https:\/\/www.youtube.com\/embed\/lqiCFLjSwfc?feature=oembed\" frameborder=\"0\" allow=\"accelerometer; autoplay; clipboard-write; encrypted-media; gyroscope; picture-in-picture; web-share\" allowfullscreen><\/iframe><\/p>\n<p><iframe loading=\"lazy\" title=\"V\u00e1rzea. Campo Toca da On\u00e7a. Cobran\u00e7as de penaltis (parte final)\" width=\"1200\" height=\"675\" src=\"https:\/\/www.youtube.com\/embed\/THbeWZ710SI?feature=oembed\" frameborder=\"0\" allow=\"accelerometer; autoplay; clipboard-write; encrypted-media; gyroscope; picture-in-picture; web-share\" allowfullscreen><\/iframe><\/p>\n<p><iframe loading=\"lazy\" title=\"Nossa reportagem conversou Com &quot;Toe Lamban\u00e7a&quot; organizador do campo Toca da On\u00e7a.\" width=\"1200\" height=\"675\" src=\"https:\/\/www.youtube.com\/embed\/L7dfUCuOaRg?feature=oembed\" frameborder=\"0\" allow=\"accelerometer; autoplay; clipboard-write; encrypted-media; gyroscope; picture-in-picture; web-share\" allowfullscreen><\/iframe><\/p>\n<p><iframe loading=\"lazy\" title=\"Torneio no campo Toca da On\u00e7a. Tida &quot;Boca de Bode&quot; fala do evento deste domingo (17\/2024)\" width=\"1200\" height=\"675\" src=\"https:\/\/www.youtube.com\/embed\/9qkPFkASI74?feature=oembed\" frameborder=\"0\" allow=\"accelerometer; autoplay; clipboard-write; encrypted-media; gyroscope; picture-in-picture; web-share\" allowfullscreen><\/iframe><\/p>\n<p>&nbsp;<\/p>\n<\/div>\n<\/div>\n","protected":false},"excerpt":{"rendered":"<p>Um domingo (17) agitado no campo &#8220;Toca da On\u00e7a&#8221; localizado no bairro Cajazeiras em Itarantim com a realiza\u00e7\u00e3o de um torneio de futebol que foi organizado pelo desportista Tida &#8220;Boca Bode&#8221; e T\u00f5e &#8220;Lamban\u00e7a&#8221;. Muitos lances de qualidade de uma garotada talentosa que \u00e9 cria deste campo que faz parte da hist\u00f3ria de Itarantim. Al\u00e9m disso, grandes gols, como o gola\u00e7o de falta que voc\u00eas podem ver a\u00ed na nossa reportagem. Al\u00e9m dos momentos de reportagem em v\u00eddeos que fizemos, conversamos com os organizadores, Tida &#8220;Boca de Bode&#8221; e T\u00f5e Lamban\u00e7a&#8221;. Tamb\u00e9m falamos com o presidente da C\u00e2mara de Vereadores [&hellip;]<\/p>\n","protected":false},"author":4,"featured_media":162467,"comment_status":"open","ping_status":"open","sticky":false,"template":"","format":"standard","meta":[],"categories":[299],"tags":[1780,137,385,1445],"_links":{"self":[{"href":"https:\/\/www.cronicasdeitarantim.com.br\/v1\/wp-json\/wp\/v2\/posts\/162466"}],"collection":[{"href":"https:\/\/www.cronicasdeitarantim.com.br\/v1\/wp-json\/wp\/v2\/posts"}],"about":[{"href":"https:\/\/www.cronicasdeitarantim.com.br\/v1\/wp-json\/wp\/v2\/types\/post"}],"author":[{"embeddable":true,"href":"https:\/\/www.cronicasdeitarantim.com.br\/v1\/wp-json\/wp\/v2\/users\/4"}],"replies":[{"embeddable":true,"href":"https:\/\/www.cronicasdeitarantim.com.br\/v1\/wp-json\/wp\/v2\/comments?post=162466"}],"version-history":[{"count":1,"href":"https:\/\/www.cronicasdeitarantim.com.br\/v1\/wp-json\/wp\/v2\/posts\/162466\/revisions"}],"predecessor-version":[{"id":162468,"href":"https:\/\/www.cronicasdeitarantim.com.br\/v1\/wp-json\/wp\/v2\/posts\/162466\/revisions\/162468"}],"wp:featuredmedia":[{"embeddable":true,"href":"https:\/\/www.cronicasdeitarantim.com.br\/v1\/wp-json\/wp\/v2\/media\/162467"}],"wp:attachment":[{"href":"https:\/\/www.cronicasdeitarantim.com.br\/v1\/wp-json\/wp\/v2\/media?parent=162466"}],"wp:term":[{"taxonomy":"category","embeddable":true,"href":"https:\/\/www.cronicasdeitarantim.com.br\/v1\/wp-json\/wp\/v2\/categories?post=162466"},{"taxonomy":"post_tag","embeddable":true,"href":"https:\/\/www.cronicasdeitarantim.com.br\/v1\/wp-json\/wp\/v2\/tags?post=162466"}],"curies":[{"name":"wp","href":"https:\/\/api.w.org\/{rel}","templated":true}]}}