{"id":162323,"date":"2024-03-10T23:24:03","date_gmt":"2024-03-11T02:24:03","guid":{"rendered":"https:\/\/www.cronicasdeitarantim.com.br\/v1\/?p=162323"},"modified":"2024-03-10T23:24:03","modified_gmt":"2024-03-11T02:24:03","slug":"brasil-jovem-morre-eletrocutado-quando-participava-de-um-festival","status":"publish","type":"post","link":"https:\/\/www.cronicasdeitarantim.com.br\/v1\/2024\/03\/10\/brasil-jovem-morre-eletrocutado-quando-participava-de-um-festival\/","title":{"rendered":"Brasil: Jovem morre eletrocutado quando participava de um festival"},"content":{"rendered":"<div class=\"styles__Body-sc-1ffquwr-7 ePhtZb\">\n<h3>Jo\u00e3o Vin\u00edcius Sim\u00f5es, um jovem de 25 anos, morreu ap\u00f3s receber uma descarga el\u00e9trica durante o \u00a0I Wanna Be Tour, festival que ocorreu no Rio de Janeiro na madrugada deste domingo (10). Jo\u00e3o morava em Maric\u00e1 e foi ao Rio para aproveitar o evento.<\/h3>\n<h3>O jovem, que estava molhado devido \u00e0s chuvas que atingiram o local, teria se encostado em um food truck energizado que estava no espa\u00e7o, pr\u00f3ximo \u00e0 Pista Premium. Ele foi socorrido pela equipe m\u00e9dica do evento e levado ao Hospital Louren\u00e7o Jorge, por\u00e9m j\u00e1 chegou \u00e0 unidade de sa\u00fade sem vida.<\/h3>\n<h3>At\u00e9 o momento, os organizadores do evento n\u00e3o se manifestaram sobre o ocorrido e a Pol\u00edcia Civil investiga o caso.<\/h3>\n<h3>A m\u00e3e de Jo\u00e3o disse que ele havia enviado uma mensagem por volta das 21h avisando que corria tudo bem com ele durante o festival. Por\u00e9m, durante a madrugada, ela recebeu a liga\u00e7\u00e3o do Hospital Louren\u00e7o Jorge informando a morte do filho.<\/h3>\n<h3>Nos \u00faltimos meses o n\u00famero de pessoas acidentadas com descargas el\u00e9tricas que levaram alguns \u00e0 morte t\u00eam crescido muito. Somente na nossa regi\u00e3o duas pessoas morreram nos \u00faltimos 20 dias, um na cidade de Igua\u00ed e o outro na cidade de Itapetinga que foi o caso mais recente. Esses dois a causa foi em servi\u00e7o de pintura, seus instrumentos de trabalhos tocando fios de alta tens\u00e3o.<\/h3>\n<div><\/div>\n<\/div>\n","protected":false},"excerpt":{"rendered":"<p>Jo\u00e3o Vin\u00edcius Sim\u00f5es, um jovem de 25 anos, morreu ap\u00f3s receber uma descarga el\u00e9trica durante o \u00a0I Wanna Be Tour, festival que ocorreu no Rio de Janeiro na madrugada deste domingo (10). Jo\u00e3o morava em Maric\u00e1 e foi ao Rio para aproveitar o evento. O jovem, que estava molhado devido \u00e0s chuvas que atingiram o local, teria se encostado em um food truck energizado que estava no espa\u00e7o, pr\u00f3ximo \u00e0 Pista Premium. Ele foi socorrido pela equipe m\u00e9dica do evento e levado ao Hospital Louren\u00e7o Jorge, por\u00e9m j\u00e1 chegou \u00e0 unidade de sa\u00fade sem vida. At\u00e9 o momento, os organizadores [&hellip;]<\/p>\n","protected":false},"author":4,"featured_media":162324,"comment_status":"open","ping_status":"open","sticky":false,"template":"","format":"standard","meta":[],"categories":[1],"tags":[433,1780,2662,1073],"_links":{"self":[{"href":"https:\/\/www.cronicasdeitarantim.com.br\/v1\/wp-json\/wp\/v2\/posts\/162323"}],"collection":[{"href":"https:\/\/www.cronicasdeitarantim.com.br\/v1\/wp-json\/wp\/v2\/posts"}],"about":[{"href":"https:\/\/www.cronicasdeitarantim.com.br\/v1\/wp-json\/wp\/v2\/types\/post"}],"author":[{"embeddable":true,"href":"https:\/\/www.cronicasdeitarantim.com.br\/v1\/wp-json\/wp\/v2\/users\/4"}],"replies":[{"embeddable":true,"href":"https:\/\/www.cronicasdeitarantim.com.br\/v1\/wp-json\/wp\/v2\/comments?post=162323"}],"version-history":[{"count":1,"href":"https:\/\/www.cronicasdeitarantim.com.br\/v1\/wp-json\/wp\/v2\/posts\/162323\/revisions"}],"predecessor-version":[{"id":162325,"href":"https:\/\/www.cronicasdeitarantim.com.br\/v1\/wp-json\/wp\/v2\/posts\/162323\/revisions\/162325"}],"wp:featuredmedia":[{"embeddable":true,"href":"https:\/\/www.cronicasdeitarantim.com.br\/v1\/wp-json\/wp\/v2\/media\/162324"}],"wp:attachment":[{"href":"https:\/\/www.cronicasdeitarantim.com.br\/v1\/wp-json\/wp\/v2\/media?parent=162323"}],"wp:term":[{"taxonomy":"category","embeddable":true,"href":"https:\/\/www.cronicasdeitarantim.com.br\/v1\/wp-json\/wp\/v2\/categories?post=162323"},{"taxonomy":"post_tag","embeddable":true,"href":"https:\/\/www.cronicasdeitarantim.com.br\/v1\/wp-json\/wp\/v2\/tags?post=162323"}],"curies":[{"name":"wp","href":"https:\/\/api.w.org\/{rel}","templated":true}]}}