{"id":162310,"date":"2024-03-09T16:46:22","date_gmt":"2024-03-09T19:46:22","guid":{"rendered":"https:\/\/www.cronicasdeitarantim.com.br\/v1\/?p=162310"},"modified":"2024-03-09T16:52:45","modified_gmt":"2024-03-09T19:52:45","slug":"brasil-supremo-condena-mais-15-reus-pelos-atos-golpistas-ex-morador-de-itarantim-tambem-foi-condenado","status":"publish","type":"post","link":"https:\/\/www.cronicasdeitarantim.com.br\/v1\/2024\/03\/09\/brasil-supremo-condena-mais-15-reus-pelos-atos-golpistas-ex-morador-de-itarantim-tambem-foi-condenado\/","title":{"rendered":"Brasil: Supremo condena mais 15 r\u00e9us pelos atos golpistas, ex-morador de Itarantim tamb\u00e9m foi condenado"},"content":{"rendered":"<div class=\"styles__Body-sc-1ffquwr-7 ePhtZb\">\n<h3>O Supremo Tribunal Federal (STF) condenou mais 15 r\u00e9us por participa\u00e7\u00e3o nos atos golpistas do 8 de Janeiro. A decis\u00e3o foi tomada nesta sexta-feira (8) e as penas v\u00e3o de tr\u00eas a 17 anos.<\/h3>\n<h3>Com esses, a Corte condenou at\u00e9 agora 131 executores dos ataques \u00e0s sedes dos Tr\u00eas Poderes, quando o Congresso, STF e Pal\u00e1cio do Planalto foram invadidos e depredados.<\/h3>\n<h3>Os acusados foram denunciados pela Procuradoria-Geral da Rep\u00fablica (PGR) e maioria foi condenada por cinco crimes: aboli\u00e7\u00e3o violenta do Estado Democr\u00e1tico de Direito; dano qualificado; golpe de Estado; deteriora\u00e7\u00e3o do patrim\u00f4nio tombado; associa\u00e7\u00e3o criminosa.<\/h3>\n<h3>Cada r\u00e9u foi julgado de forma individual no plen\u00e1rio virtual do Supremo, quando os ministros inserem seus votos no sistema eletr\u00f4nico. At\u00e9 o momento, a PGR j\u00e1 denunciou pelos atos golpistas mais de 1,3 mil pessoas. Desses, a Procuradoria negocia com mais de mil acordos de n\u00e3o persecu\u00e7\u00e3o penal, quando o acusado reconhece os crimes e n\u00e3o vai a julgamento.<\/h3>\n<h3>Ainda nesta sexta-feira,\u00a0o ministro Alexandre de Moraes votou para condenar mais 14 r\u00e9us e defendeu a absolvi\u00e7\u00e3o de um dos denunciados pela PGR por falta de provas. Esse julgamento ser\u00e1 encerrado no dia 15.<\/h3>\n<p><a href=\"https:\/\/www.cronicasdeitarantim.com.br\/v1\/wp-content\/uploads\/2023\/01\/324878297_1286040028610963_6461752883951409323_n.jpg\"><img decoding=\"async\" loading=\"lazy\" class=\"size-full wp-image-153450 alignleft\" src=\"https:\/\/www.cronicasdeitarantim.com.br\/v1\/wp-content\/uploads\/2023\/01\/324878297_1286040028610963_6461752883951409323_n.jpg\" alt=\"\" width=\"600\" height=\"529\" srcset=\"https:\/\/www.cronicasdeitarantim.com.br\/v1\/wp-content\/uploads\/2023\/01\/324878297_1286040028610963_6461752883951409323_n.jpg 600w, https:\/\/www.cronicasdeitarantim.com.br\/v1\/wp-content\/uploads\/2023\/01\/324878297_1286040028610963_6461752883951409323_n-300x265.jpg 300w, https:\/\/www.cronicasdeitarantim.com.br\/v1\/wp-content\/uploads\/2023\/01\/324878297_1286040028610963_6461752883951409323_n-400x353.jpg 400w\" sizes=\"(max-width: 600px) 100vw, 600px\" \/><\/a><\/p>\n<h3>Lembrando que um homem que era morador de Itarantim que residia na cidade de Vit\u00f3ria da Conquista, conhecido como Joelton (foto), foi condenado juntamente com sua esposa.<\/h3>\n<\/div>\n","protected":false},"excerpt":{"rendered":"<p>O Supremo Tribunal Federal (STF) condenou mais 15 r\u00e9us por participa\u00e7\u00e3o nos atos golpistas do 8 de Janeiro. A decis\u00e3o foi tomada nesta sexta-feira (8) e as penas v\u00e3o de tr\u00eas a 17 anos. Com esses, a Corte condenou at\u00e9 agora 131 executores dos ataques \u00e0s sedes dos Tr\u00eas Poderes, quando o Congresso, STF e Pal\u00e1cio do Planalto foram invadidos e depredados. Os acusados foram denunciados pela Procuradoria-Geral da Rep\u00fablica (PGR) e maioria foi condenada por cinco crimes: aboli\u00e7\u00e3o violenta do Estado Democr\u00e1tico de Direito; dano qualificado; golpe de Estado; deteriora\u00e7\u00e3o do patrim\u00f4nio tombado; associa\u00e7\u00e3o criminosa. Cada r\u00e9u foi julgado [&hellip;]<\/p>\n","protected":false},"author":4,"featured_media":162311,"comment_status":"open","ping_status":"open","sticky":false,"template":"","format":"standard","meta":[],"categories":[296],"tags":[2562,433,975,1780,1431],"_links":{"self":[{"href":"https:\/\/www.cronicasdeitarantim.com.br\/v1\/wp-json\/wp\/v2\/posts\/162310"}],"collection":[{"href":"https:\/\/www.cronicasdeitarantim.com.br\/v1\/wp-json\/wp\/v2\/posts"}],"about":[{"href":"https:\/\/www.cronicasdeitarantim.com.br\/v1\/wp-json\/wp\/v2\/types\/post"}],"author":[{"embeddable":true,"href":"https:\/\/www.cronicasdeitarantim.com.br\/v1\/wp-json\/wp\/v2\/users\/4"}],"replies":[{"embeddable":true,"href":"https:\/\/www.cronicasdeitarantim.com.br\/v1\/wp-json\/wp\/v2\/comments?post=162310"}],"version-history":[{"count":3,"href":"https:\/\/www.cronicasdeitarantim.com.br\/v1\/wp-json\/wp\/v2\/posts\/162310\/revisions"}],"predecessor-version":[{"id":162314,"href":"https:\/\/www.cronicasdeitarantim.com.br\/v1\/wp-json\/wp\/v2\/posts\/162310\/revisions\/162314"}],"wp:featuredmedia":[{"embeddable":true,"href":"https:\/\/www.cronicasdeitarantim.com.br\/v1\/wp-json\/wp\/v2\/media\/162311"}],"wp:attachment":[{"href":"https:\/\/www.cronicasdeitarantim.com.br\/v1\/wp-json\/wp\/v2\/media?parent=162310"}],"wp:term":[{"taxonomy":"category","embeddable":true,"href":"https:\/\/www.cronicasdeitarantim.com.br\/v1\/wp-json\/wp\/v2\/categories?post=162310"},{"taxonomy":"post_tag","embeddable":true,"href":"https:\/\/www.cronicasdeitarantim.com.br\/v1\/wp-json\/wp\/v2\/tags?post=162310"}],"curies":[{"name":"wp","href":"https:\/\/api.w.org\/{rel}","templated":true}]}}